{"id":4175,"date":"2012-05-22T16:41:00","date_gmt":"2012-05-22T14:41:00","guid":{"rendered":"http:\/\/wptestsite.tecnavia.com\/chiesedisicilia_clientsite\/news\/2012\/05\/22\/ragusa-salute-allarga-lo-spazio-della-tua-tenda\/"},"modified":"2018-11-12T07:58:39","modified_gmt":"2018-01-16T07:58:39","slug":"ragusa-salute-allarga-lo-spazio-della-tua-tenda","status":"publish","type":"post","link":"https:\/\/www.chiesedisicilia.org\/2012\/05\/22\/ragusa-salute-allarga-lo-spazio-della-tua-tenda\/","title":{"rendered":"RAGUSA. SALUTE: \u201cALLARGA LO SPAZIO DELLA TUA TENDA\u201d"},"content":{"rendered":"<div>\n<div>Alla chiusura del mese mariano, l&#8217;Ufficio per la Pastorale della Salute, attraverso un\u2019iniziativa frutto della collaborazione tra medici, operatori sanitari e associazioni di volontariato sanitario e parrocchiale, desidera favorire il rinnovamento dell\u2019entusiasmo per il servizio nei confronti dei sofferenti. Per questo oggi, gioved\u00ec 31 maggio, nella parrocchia Santa Maria Ausiliatrice, a Ragusa, alle 18 inizier\u00e0 un momento di preghiera che avr\u00e0 il suo culmine alle 19, con la celebrazione eucaristica presieduta da don Nino Aprile. Il titolo della celebrazione \u201cAllarga lo spazio della tua tenda\u201d, preso dal libro del Profeta Isaia, vuole portare \u201ca quell\u2019atteggiamento di chi ha il cuore aperto ad accogliere l\u2019altro e ad andargli incontro. La pastorale dei malati \u2013 dicono dall\u2019Ufficio diocesano &#8211; deve essere pi\u00f9 ampia e deve coinvolgere pienamente le comunit\u00e0 parrocchiali. \u00c8 importante che nei momenti nei quali una persona \u00e8 malata non si senta sola, sappia che la comunit\u00e0 cristiana gli \u00e8 vicina\u201d. [01]<\/div>\n<div>\u00a0<\/div>\n<\/div>\n","protected":false},"excerpt":{"rendered":"","protected":false},"author":1,"featured_media":0,"comment_status":"open","ping_status":"open","sticky":false,"template":"","format":"standard","meta":[],"categories":[30],"tags":[],"news-destination":[],"news-source":[],"is_homepage":[],"ta_other":[],"_links":{"self":[{"href":"https:\/\/www.chiesedisicilia.org\/chiesedisicilia\/news\/wp-json\/wp\/v2\/posts\/4175"}],"collection":[{"href":"https:\/\/www.chiesedisicilia.org\/chiesedisicilia\/news\/wp-json\/wp\/v2\/posts"}],"about":[{"href":"https:\/\/www.chiesedisicilia.org\/chiesedisicilia\/news\/wp-json\/wp\/v2\/types\/post"}],"author":[{"embeddable":true,"href":"https:\/\/www.chiesedisicilia.org\/chiesedisicilia\/news\/wp-json\/wp\/v2\/users\/1"}],"replies":[{"embeddable":true,"href":"https:\/\/www.chiesedisicilia.org\/chiesedisicilia\/news\/wp-json\/wp\/v2\/comments?post=4175"}],"version-history":[{"count":1,"href":"https:\/\/www.chiesedisicilia.org\/chiesedisicilia\/news\/wp-json\/wp\/v2\/posts\/4175\/revisions"}],"predecessor-version":[{"id":22643,"href":"https:\/\/www.chiesedisicilia.org\/chiesedisicilia\/news\/wp-json\/wp\/v2\/posts\/4175\/revisions\/22643"}],"wp:attachment":[{"href":"https:\/\/www.chiesedisicilia.org\/chiesedisicilia\/news\/wp-json\/wp\/v2\/media?parent=4175"}],"wp:term":[{"taxonomy":"category","embeddable":true,"href":"https:\/\/www.chiesedisicilia.org\/chiesedisicilia\/news\/wp-json\/wp\/v2\/categories?post=4175"},{"taxonomy":"post_tag","embeddable":true,"href":"https:\/\/www.chiesedisicilia.org\/chiesedisicilia\/news\/wp-json\/wp\/v2\/tags?post=4175"},{"taxonomy":"news-destination","embeddable":true,"href":"https:\/\/www.chiesedisicilia.org\/chiesedisicilia\/news\/wp-json\/wp\/v2\/news-destination?post=4175"},{"taxonomy":"news-source","embeddable":true,"href":"https:\/\/www.chiesedisicilia.org\/chiesedisicilia\/news\/wp-json\/wp\/v2\/news-source?post=4175"},{"taxonomy":"is_homepage","embeddable":true,"href":"https:\/\/www.chiesedisicilia.org\/chiesedisicilia\/news\/wp-json\/wp\/v2\/is_homepage?post=4175"},{"taxonomy":"ta_other","embeddable":true,"href":"https:\/\/www.chiesedisicilia.org\/chiesedisicilia\/news\/wp-json\/wp\/v2\/ta_other?post=4175"}],"curies":[{"name":"wp","href":"https:\/\/api.w.org\/{rel}","templated":true}]}}