{"id":4174,"date":"2012-05-22T16:40:00","date_gmt":"2012-05-22T14:40:00","guid":{"rendered":"http:\/\/wptestsite.tecnavia.com\/chiesedisicilia_clientsite\/news\/2012\/05\/22\/ragusa-informare-i-cittadini-conferenza-con-f-zanotti\/"},"modified":"2018-11-12T07:58:39","modified_gmt":"2018-01-16T07:58:39","slug":"ragusa-informare-i-cittadini-conferenza-con-f-zanotti","status":"publish","type":"post","link":"https:\/\/www.chiesedisicilia.org\/2012\/05\/22\/ragusa-informare-i-cittadini-conferenza-con-f-zanotti\/","title":{"rendered":"RAGUSA. \u201cINFORMARE I CITTADINI\u201d: CONFERENZA CON F. ZANOTTI"},"content":{"rendered":"<div>\n<div>\u00a0<\/div>\n<div style=\"text-align: justify\">Una conferenza sul tema \u201cInformare i cittadini: il ruolo della comunicazione sociale\u201d si terr\u00e0 oggi, sabato 19 maggio, alle 9 presso la Sala Avis di Ragusa. Ai lavori, organizzati dagli Uffici diocesani per le Comunicazioni Sociali e per la Pastorale Giovanile unitamente alla redazione del periodico \u201cInsieme\u201d, prender\u00e0 parte Francesco Zanotti, presidente nazionale della Fisc, Federazione Italiana Settimanali Cattolici. Il dibattito che seguir\u00e0 sar\u00e0 moderato dal direttore dell&#8217;Ufficio di Pastorale giovanile, Sergio Spata, mentre concluder\u00e0 i lavori il Vescovo, mons. Paolo Urso. L&#8217;occasione sar\u00e0 colta anche per presentare all&#8217;opinione pubblica il progetto del 1\u00b0 Corso di formazione per Comunicatori Sociali, che la Diocesi di Ragusa ha pensato per i tutti i giovani che vorranno gratuitamente e seriamente parteciparvi, e che prender\u00e0 avvio nel mese di Giugno per concludersi a Dicembre 2012. \u201cL\u2019appuntamento odierno \u00e8 stato pensato per tutti coloro che \u2013 dice Gian Piero Saladino, direttore dell\u2019Ufficio diocesano per le Comunicazioni sociali della Diocesi di Ragusa -, consapevoli dell&#8217;importanza della comunicazione sociale nella vita della comunit\u00e0 cristiana e della societ\u00e0 contemporanea, anche a livello locale vogliono comprendere le ragioni e le prospettive di una \u2018buona comunicazione\u2019 per un servizio di \u2018buona informazione\u2019&#8221;. [01]<\/div>\n<div>\u00a0<\/div>\n<\/div>\n","protected":false},"excerpt":{"rendered":"","protected":false},"author":1,"featured_media":0,"comment_status":"open","ping_status":"open","sticky":false,"template":"","format":"standard","meta":[],"categories":[30],"tags":[],"news-destination":[],"news-source":[],"is_homepage":[],"ta_other":[],"_links":{"self":[{"href":"https:\/\/www.chiesedisicilia.org\/chiesedisicilia\/news\/wp-json\/wp\/v2\/posts\/4174"}],"collection":[{"href":"https:\/\/www.chiesedisicilia.org\/chiesedisicilia\/news\/wp-json\/wp\/v2\/posts"}],"about":[{"href":"https:\/\/www.chiesedisicilia.org\/chiesedisicilia\/news\/wp-json\/wp\/v2\/types\/post"}],"author":[{"embeddable":true,"href":"https:\/\/www.chiesedisicilia.org\/chiesedisicilia\/news\/wp-json\/wp\/v2\/users\/1"}],"replies":[{"embeddable":true,"href":"https:\/\/www.chiesedisicilia.org\/chiesedisicilia\/news\/wp-json\/wp\/v2\/comments?post=4174"}],"version-history":[{"count":1,"href":"https:\/\/www.chiesedisicilia.org\/chiesedisicilia\/news\/wp-json\/wp\/v2\/posts\/4174\/revisions"}],"predecessor-version":[{"id":22638,"href":"https:\/\/www.chiesedisicilia.org\/chiesedisicilia\/news\/wp-json\/wp\/v2\/posts\/4174\/revisions\/22638"}],"wp:attachment":[{"href":"https:\/\/www.chiesedisicilia.org\/chiesedisicilia\/news\/wp-json\/wp\/v2\/media?parent=4174"}],"wp:term":[{"taxonomy":"category","embeddable":true,"href":"https:\/\/www.chiesedisicilia.org\/chiesedisicilia\/news\/wp-json\/wp\/v2\/categories?post=4174"},{"taxonomy":"post_tag","embeddable":true,"href":"https:\/\/www.chiesedisicilia.org\/chiesedisicilia\/news\/wp-json\/wp\/v2\/tags?post=4174"},{"taxonomy":"news-destination","embeddable":true,"href":"https:\/\/www.chiesedisicilia.org\/chiesedisicilia\/news\/wp-json\/wp\/v2\/news-destination?post=4174"},{"taxonomy":"news-source","embeddable":true,"href":"https:\/\/www.chiesedisicilia.org\/chiesedisicilia\/news\/wp-json\/wp\/v2\/news-source?post=4174"},{"taxonomy":"is_homepage","embeddable":true,"href":"https:\/\/www.chiesedisicilia.org\/chiesedisicilia\/news\/wp-json\/wp\/v2\/is_homepage?post=4174"},{"taxonomy":"ta_other","embeddable":true,"href":"https:\/\/www.chiesedisicilia.org\/chiesedisicilia\/news\/wp-json\/wp\/v2\/ta_other?post=4174"}],"curies":[{"name":"wp","href":"https:\/\/api.w.org\/{rel}","templated":true}]}}