{"id":4173,"date":"2012-02-03T19:01:00","date_gmt":"2012-02-03T18:01:00","guid":{"rendered":"http:\/\/wptestsite.tecnavia.com\/chiesedisicilia_clientsite\/news\/2012\/02\/03\/ragusa-cultura-il-film-terraferma-per-orizzonti-di-liberta\/"},"modified":"2018-11-12T07:58:39","modified_gmt":"2018-01-16T07:58:39","slug":"ragusa-cultura-il-film-terraferma-per-orizzonti-di-liberta","status":"publish","type":"post","link":"https:\/\/www.chiesedisicilia.org\/2012\/02\/03\/ragusa-cultura-il-film-terraferma-per-orizzonti-di-liberta\/","title":{"rendered":"RAGUSA. CULTURA: IL FILM &#8220;TERRAFERMA&#8221; PER &#8220;ORIZZONTI DI LIBERTA'&#8221;"},"content":{"rendered":"<div>\n<div>\u00a0<\/div>\n<div style=\"text-align: justify\">E\u2019 nell\u2019ambito della rassegna cinematografica \u201cOrizzonti di libert\u00e0\u201d, organizzata dall\u2019Ufficio diocesano per la Cultura della Diocesi di Ragusa, che oggi, luned\u00ec 30 gennaio, alle 20, presso il cinema Multisala Golden di Vittoria, sar\u00e0 proiettato \u201cTerraferma\u201d, del regista E. Crialese. Una storia dedicata al mare della Sicilia, che traduce in termini cinematografici le ferite dell\u2019immigrazione e delle politiche migratorie. Protagonista \u00e8 il giovane Filippo, che durante una battuta di caccia, salva dall\u2019annegamento una donna incinta ed il suo bambino. Egli, dopo aver sfidato quel mondo, occupato interamente dal cielo e dal mare, si trover\u00e0 ben presto a dibattersi tra legalit\u00e0 e moralit\u00e0, interesse e solidariet\u00e0, mentre dall\u2019altra parte, intorno a s\u00e9, vedr\u00e0 lottare i clandestini nel tentativo di conquistare identit\u00e0, cittadinanza e libert\u00e0. \u201cTematiche tanto attuali \u2013 commentano gli organizzatori \u2013 che costringono ciascuno ad interrogarsi sul mondo nel quale si vive\u201d. Il film ha ricevuto il premio speciale della giuria alla 68ma Mostra Internazionale d\u2019arte cinematografica di Venezia ed \u00e8 stato scelto come rappresentante italiano per concorrere nella categoria \u201cMiglior film straniero\u201d agli Oscar 2012. La visione del film \u00e8 sempre preceduta dall\u2019introduzione del critico Carlo Cilia (del DAMS di Bologna), e seguita da un dibattito e da una condivisione di impressioni e riflessioni. \u00c8 prevista una numerosa partecipazione di scolaresche e gruppi parrocchiali. L\u2019ingresso \u00e8 libero e aperto a tutti. [01]<\/div>\n<div>\u00a0<\/div>\n<div>\u00a0<\/div>\n<\/div>\n","protected":false},"excerpt":{"rendered":"","protected":false},"author":1,"featured_media":0,"comment_status":"open","ping_status":"open","sticky":false,"template":"","format":"standard","meta":[],"categories":[30],"tags":[],"news-destination":[],"news-source":[],"is_homepage":[],"ta_other":[],"_links":{"self":[{"href":"https:\/\/www.chiesedisicilia.org\/chiesedisicilia\/news\/wp-json\/wp\/v2\/posts\/4173"}],"collection":[{"href":"https:\/\/www.chiesedisicilia.org\/chiesedisicilia\/news\/wp-json\/wp\/v2\/posts"}],"about":[{"href":"https:\/\/www.chiesedisicilia.org\/chiesedisicilia\/news\/wp-json\/wp\/v2\/types\/post"}],"author":[{"embeddable":true,"href":"https:\/\/www.chiesedisicilia.org\/chiesedisicilia\/news\/wp-json\/wp\/v2\/users\/1"}],"replies":[{"embeddable":true,"href":"https:\/\/www.chiesedisicilia.org\/chiesedisicilia\/news\/wp-json\/wp\/v2\/comments?post=4173"}],"version-history":[{"count":1,"href":"https:\/\/www.chiesedisicilia.org\/chiesedisicilia\/news\/wp-json\/wp\/v2\/posts\/4173\/revisions"}],"predecessor-version":[{"id":22641,"href":"https:\/\/www.chiesedisicilia.org\/chiesedisicilia\/news\/wp-json\/wp\/v2\/posts\/4173\/revisions\/22641"}],"wp:attachment":[{"href":"https:\/\/www.chiesedisicilia.org\/chiesedisicilia\/news\/wp-json\/wp\/v2\/media?parent=4173"}],"wp:term":[{"taxonomy":"category","embeddable":true,"href":"https:\/\/www.chiesedisicilia.org\/chiesedisicilia\/news\/wp-json\/wp\/v2\/categories?post=4173"},{"taxonomy":"post_tag","embeddable":true,"href":"https:\/\/www.chiesedisicilia.org\/chiesedisicilia\/news\/wp-json\/wp\/v2\/tags?post=4173"},{"taxonomy":"news-destination","embeddable":true,"href":"https:\/\/www.chiesedisicilia.org\/chiesedisicilia\/news\/wp-json\/wp\/v2\/news-destination?post=4173"},{"taxonomy":"news-source","embeddable":true,"href":"https:\/\/www.chiesedisicilia.org\/chiesedisicilia\/news\/wp-json\/wp\/v2\/news-source?post=4173"},{"taxonomy":"is_homepage","embeddable":true,"href":"https:\/\/www.chiesedisicilia.org\/chiesedisicilia\/news\/wp-json\/wp\/v2\/is_homepage?post=4173"},{"taxonomy":"ta_other","embeddable":true,"href":"https:\/\/www.chiesedisicilia.org\/chiesedisicilia\/news\/wp-json\/wp\/v2\/ta_other?post=4173"}],"curies":[{"name":"wp","href":"https:\/\/api.w.org\/{rel}","templated":true}]}}