{"id":4171,"date":"2011-12-06T19:44:00","date_gmt":"2011-12-06T18:44:00","guid":{"rendered":"http:\/\/wptestsite.tecnavia.com\/chiesedisicilia_clientsite\/news\/2011\/12\/06\/ragusa-immacolata-inesauribile-mistero-di-amore-e-liberta\/"},"modified":"2018-11-12T07:58:38","modified_gmt":"2018-01-16T07:58:38","slug":"ragusa-immacolata-inesauribile-mistero-di-amore-e-liberta","status":"publish","type":"post","link":"https:\/\/www.chiesedisicilia.org\/2011\/12\/06\/ragusa-immacolata-inesauribile-mistero-di-amore-e-liberta\/","title":{"rendered":"RAGUSA: IMMACOLATA: &#8220;INESAURIBILE MISTERO DI AMORE E LIBERTA'&#8221;"},"content":{"rendered":"<div>\n<div>\u00a0<\/div>\n<div style=\"text-align: justify\">Oggi, marted\u00ec 6 dicembre, alle 19, sar\u00e0 inaugurata presso il Santuario dell\u2019Immacolata di Comiso la mostra d\u2019arte \u201cL\u2019Immacolata, mistero di grazia e di libert\u00e0. Itinerario iconografico tra storia, teologia, arte e devozione popolare\u201d. L\u2019evento \u00e8 organizzato dall\u2019Ufficio diocesano per la cultura, la Soprintendenza BB.CC.AA. di Ragusa e il Centro studi di spiritualit\u00e0 e cultura \u201cCalicantus\u201d. Atta a valorizzare il patrimonio artistico della provincia di Ragusa, la mostra propone anche un itinerario di intensa spiritualit\u00e0, a partire da un mistero tanto grande e al contempo cos\u00ec vicino alla religiosit\u00e0 popolare quale \u00e8 l\u2019Immacolata Concezione di Maria. Come afferma mons. Paolo Urso, vescovo di Ragusa, promotore dell\u2019iniziativa, \u201cin giorni come i nostri, in cui la frenesia delle attivit\u00e0 e il rumore interiore ed esteriore poco o nulla lasciano alla sete dell\u2019anima, la possibilit\u00e0 di meditare su un siffatto mistero pu\u00f2 davvero aiutare a ritrovare il senso nascosto delle cose, delle esperienze, degli incontri, nonch\u00e9 il forte richiamo alla libert\u00e0, in quell\u2019intreccio \u2013 che sfiora a tratti il paradosso \u2013 tra la volont\u00e0 divina e l\u2019iniziativa umana. L\u2019arte, in questo, \u00e8 sempre un canale privilegiato per aprire il cuore umano alla contemplazione dei segreti divini, ed anche la nostra Diocesi conserva tesori che vale sempre la pena riscoprire e valorizzare\u201d. Non solo arte, dunque, ma anche spiritualit\u00e0 e devozione; ed inoltre storia significativa di un dogma che si \u00e8 fatto espressione di un\u2019esperienza di fede gi\u00e0 presente nel popolo, traboccante &#8211; in ultimo &#8211; nel mistero universale dell\u2019amore e della libert\u00e0. \u201cLa verit\u00e0 dell\u2019Immacolata Concezione esprime a suo modo \u2013 afferma mons. Staglian\u00f2, vescovo di Noto, della cui diocesi diverse opere d\u2019arte sono state riprese \u2013 la verit\u00e0 cristiana della rivelazione ultima e definitiva di Dio, che si compendia nell\u2019espressione giovannea: Dio \u00e8 amore (1 Gv 4,8)\u201d. All\u2019inaugurazione porteranno i loro saluti il soprintendente Alessandro Ferrara, il sindaco di Comiso Giuseppe Alfano, il presidente dell\u2019Associazione \u201cCalicantus\u201d Giuseppe Di Mauro e il direttore dell\u2019Ufficio e rettore dello stesso Santuario p. Biagio Aprile. Interverranno don Salvatore Burrafato (esperto d\u2019arte della Diocesi di Ragusa) e la dott.ssa Salvina Fiorilla (Soprintendenza BB.CC.AA.), con la moderazione di don Giuseppe Antoci (direttore dell\u2019Ufficio diocesano per i beni culturali). Per maggiori informazioni sul sito <a target=\"_blank\" href=\"http:\/\/www.dialogotraculture.it\" rel=\"noopener\">www.dialogotraculture.it<\/a>\u00a0o inviando una mail all\u2019indirizzo <a href=\"mailto:info@dialogotraculture.it\">info@dialogotraculture.it<\/a>. [01]<\/div>\n<div>\u00a0<\/div>\n<\/div>\n","protected":false},"excerpt":{"rendered":"","protected":false},"author":1,"featured_media":0,"comment_status":"open","ping_status":"open","sticky":false,"template":"","format":"standard","meta":[],"categories":[30],"tags":[],"news-destination":[],"news-source":[],"is_homepage":[],"ta_other":[],"_links":{"self":[{"href":"https:\/\/www.chiesedisicilia.org\/chiesedisicilia\/news\/wp-json\/wp\/v2\/posts\/4171"}],"collection":[{"href":"https:\/\/www.chiesedisicilia.org\/chiesedisicilia\/news\/wp-json\/wp\/v2\/posts"}],"about":[{"href":"https:\/\/www.chiesedisicilia.org\/chiesedisicilia\/news\/wp-json\/wp\/v2\/types\/post"}],"author":[{"embeddable":true,"href":"https:\/\/www.chiesedisicilia.org\/chiesedisicilia\/news\/wp-json\/wp\/v2\/users\/1"}],"replies":[{"embeddable":true,"href":"https:\/\/www.chiesedisicilia.org\/chiesedisicilia\/news\/wp-json\/wp\/v2\/comments?post=4171"}],"version-history":[{"count":1,"href":"https:\/\/www.chiesedisicilia.org\/chiesedisicilia\/news\/wp-json\/wp\/v2\/posts\/4171\/revisions"}],"predecessor-version":[{"id":22635,"href":"https:\/\/www.chiesedisicilia.org\/chiesedisicilia\/news\/wp-json\/wp\/v2\/posts\/4171\/revisions\/22635"}],"wp:attachment":[{"href":"https:\/\/www.chiesedisicilia.org\/chiesedisicilia\/news\/wp-json\/wp\/v2\/media?parent=4171"}],"wp:term":[{"taxonomy":"category","embeddable":true,"href":"https:\/\/www.chiesedisicilia.org\/chiesedisicilia\/news\/wp-json\/wp\/v2\/categories?post=4171"},{"taxonomy":"post_tag","embeddable":true,"href":"https:\/\/www.chiesedisicilia.org\/chiesedisicilia\/news\/wp-json\/wp\/v2\/tags?post=4171"},{"taxonomy":"news-destination","embeddable":true,"href":"https:\/\/www.chiesedisicilia.org\/chiesedisicilia\/news\/wp-json\/wp\/v2\/news-destination?post=4171"},{"taxonomy":"news-source","embeddable":true,"href":"https:\/\/www.chiesedisicilia.org\/chiesedisicilia\/news\/wp-json\/wp\/v2\/news-source?post=4171"},{"taxonomy":"is_homepage","embeddable":true,"href":"https:\/\/www.chiesedisicilia.org\/chiesedisicilia\/news\/wp-json\/wp\/v2\/is_homepage?post=4171"},{"taxonomy":"ta_other","embeddable":true,"href":"https:\/\/www.chiesedisicilia.org\/chiesedisicilia\/news\/wp-json\/wp\/v2\/ta_other?post=4171"}],"curies":[{"name":"wp","href":"https:\/\/api.w.org\/{rel}","templated":true}]}}