{"id":4169,"date":"2011-06-30T15:02:00","date_gmt":"2011-06-30T13:02:00","guid":{"rendered":"http:\/\/wptestsite.tecnavia.com\/chiesedisicilia_clientsite\/news\/2011\/06\/30\/ragusa-pastorale-giovanile-una-luce-nella-notte\/"},"modified":"2018-11-12T07:58:38","modified_gmt":"2018-01-16T07:58:38","slug":"ragusa-pastorale-giovanile-una-luce-nella-notte","status":"publish","type":"post","link":"https:\/\/www.chiesedisicilia.org\/2011\/06\/30\/ragusa-pastorale-giovanile-una-luce-nella-notte\/","title":{"rendered":"RAGUSA. PASTORALE GIOVANILE: &#8220;UNA LUCE NELLA NOTTE&#8221;"},"content":{"rendered":"<div>\n<div>\u00a0<\/div>\n<div style=\"text-align: justify\">Oggi, sabato 25 giugno, a Ragusa Ibla presso la Chiesa di San Giacomo (dentro i Giardini Iblei) ci sar\u00e0 ULNN\u00ae targata Diocesi di Ragusa. \u201cUna luce nella notte\u00ae \u00e8 un Progetto di Primo Annuncio dell\u2019Ufficio Diocesano di Pastorale Giovanile che \u00e8 trasversale a tutte le realt\u00e0 giovanili della Diocesi ed \u00e8 rivolto a quei giovani (dai 20 ai 35 anni) che hanno voglia di mettersi in gioco, fare esperienza di evangelizzazione e riscoprire il proprio Battesimo. L\u2019appuntamento \u00e8 alle 17 per il ritrovo e accoglienza c\/o piazza Pola &#8211; vicino il Convento delle Monache Benedettine &#8211; via Orfanotrofio, 31. Per chi non potesse partecipare alla preparazione del pomeriggio l\u2019invito \u00e8 a partecipare alla preghiera direttamente nella chiesa San Giacomo dalle 22.30 in poi. [01]<\/div>\n<div>\u00a0<\/div>\n<\/div>\n","protected":false},"excerpt":{"rendered":"","protected":false},"author":1,"featured_media":0,"comment_status":"open","ping_status":"open","sticky":false,"template":"","format":"standard","meta":[],"categories":[30],"tags":[],"news-destination":[],"news-source":[],"is_homepage":[],"ta_other":[],"_links":{"self":[{"href":"https:\/\/www.chiesedisicilia.org\/chiesedisicilia\/news\/wp-json\/wp\/v2\/posts\/4169"}],"collection":[{"href":"https:\/\/www.chiesedisicilia.org\/chiesedisicilia\/news\/wp-json\/wp\/v2\/posts"}],"about":[{"href":"https:\/\/www.chiesedisicilia.org\/chiesedisicilia\/news\/wp-json\/wp\/v2\/types\/post"}],"author":[{"embeddable":true,"href":"https:\/\/www.chiesedisicilia.org\/chiesedisicilia\/news\/wp-json\/wp\/v2\/users\/1"}],"replies":[{"embeddable":true,"href":"https:\/\/www.chiesedisicilia.org\/chiesedisicilia\/news\/wp-json\/wp\/v2\/comments?post=4169"}],"version-history":[{"count":1,"href":"https:\/\/www.chiesedisicilia.org\/chiesedisicilia\/news\/wp-json\/wp\/v2\/posts\/4169\/revisions"}],"predecessor-version":[{"id":22637,"href":"https:\/\/www.chiesedisicilia.org\/chiesedisicilia\/news\/wp-json\/wp\/v2\/posts\/4169\/revisions\/22637"}],"wp:attachment":[{"href":"https:\/\/www.chiesedisicilia.org\/chiesedisicilia\/news\/wp-json\/wp\/v2\/media?parent=4169"}],"wp:term":[{"taxonomy":"category","embeddable":true,"href":"https:\/\/www.chiesedisicilia.org\/chiesedisicilia\/news\/wp-json\/wp\/v2\/categories?post=4169"},{"taxonomy":"post_tag","embeddable":true,"href":"https:\/\/www.chiesedisicilia.org\/chiesedisicilia\/news\/wp-json\/wp\/v2\/tags?post=4169"},{"taxonomy":"news-destination","embeddable":true,"href":"https:\/\/www.chiesedisicilia.org\/chiesedisicilia\/news\/wp-json\/wp\/v2\/news-destination?post=4169"},{"taxonomy":"news-source","embeddable":true,"href":"https:\/\/www.chiesedisicilia.org\/chiesedisicilia\/news\/wp-json\/wp\/v2\/news-source?post=4169"},{"taxonomy":"is_homepage","embeddable":true,"href":"https:\/\/www.chiesedisicilia.org\/chiesedisicilia\/news\/wp-json\/wp\/v2\/is_homepage?post=4169"},{"taxonomy":"ta_other","embeddable":true,"href":"https:\/\/www.chiesedisicilia.org\/chiesedisicilia\/news\/wp-json\/wp\/v2\/ta_other?post=4169"}],"curies":[{"name":"wp","href":"https:\/\/api.w.org\/{rel}","templated":true}]}}