{"id":4163,"date":"2010-12-07T11:32:00","date_gmt":"2010-12-07T10:32:00","guid":{"rendered":"http:\/\/wptestsite.tecnavia.com\/chiesedisicilia_clientsite\/news\/2010\/12\/07\/ragusa-dialogo-tra-le-culture-costruire-la-pace\/"},"modified":"2018-11-12T07:58:38","modified_gmt":"2018-01-16T07:58:38","slug":"ragusa-dialogo-tra-le-culture-costruire-la-pace","status":"publish","type":"post","link":"https:\/\/www.chiesedisicilia.org\/2010\/12\/07\/ragusa-dialogo-tra-le-culture-costruire-la-pace\/","title":{"rendered":"RAGUSA. DIALOGO TRA LE CULTURE: &#8220;COSTRUIRE LA PACE&#8221;"},"content":{"rendered":"<div>Proseguir\u00e0 oggi e domani, venerd\u00ec 10 e sabato 11 dicembre, nel Salone del Vescovado di Ragusa, il ciclo di lezioni della Cattedra di Dialogo tra le Culture. Si tratta del secondo modulo, dedicato al tema \u201cCostruire la pace: diritto e legalit\u00e0 in difesa dell\u2019uomo\u201d, realizzato in collaborazione con l\u2019Ordine degli Avvocati della provincia di Ragusa. Il corso intende affrontare la questione antropologica in chiave multi e trans-disciplinare, intercettando le prospettive e le domande di senso poste dalle tradizioni ebraica, cristiana e islamica, a confronto con le problematiche emergenti dall\u2019odierno contesto multiculturale. Il pomeriggio di oggi, dalle 15.30 alle 18.30, Antonino Crimaldi, docente presso l\u2019Universit\u00e0 di Catania, terr\u00e0 una lezione dal titolo \u201cDal conflitto alla pace: riflessioni filosofico-teologiche\u201d. Partendo dalla considerazione che il conflitto nei rapporti umani \u00e8 inevitabile e ineliminabile, ci si interrogher\u00e0 sulla possibilit\u00e0 di reperire modalit\u00e0 umane di gestione dei conflitti stessi, in modo da trasformarli, da elemento distruttivo in occasione di incremento della socialit\u00e0 e della comprensione reciproca. L\u2019incontro si arricchir\u00e0 poi dell\u2019intervento di Daniela Melfa, esperta di storia dell\u2019Africa, su \u201cIl diritto islamico e il suo rapporto con l\u2019Occidente: nodi e snodi nella storia\u201d. Il rapporto tra Stato e religione nel mondo islamico rappresenta un punto cruciale nel dibattito con le societ\u00e0 europee che \u2013 seppure con sfumature diverse \u2013 riconoscono nella laicit\u00e0 un principio basilare. Diventa dunque essenziale comprendere l\u2019origine e i caratteri del diritto islamico, per meglio affrontare i cambiamenti della societ\u00e0 connessi con le migrazioni contemporanee. Domani, sabato, dalle 9.30 alle 12.30, riprenderanno i lavori con i Percorsi tra Antropologia e Diritto. Michele Palazzolo, Giudice del Tribunale di Ragusa, interverr\u00e0 sul tema \u201cProfili dell\u2019uomo, della famiglia e della societ\u00e0 oggi: riflessioni di un giudice\u201d, mentre l\u2019avvocato Giorgio Assenza si soffermer\u00e0 sull\u2019analisi di alcune esperienze nel contesto ibleo. Seguiranno un dibattito ed un confronto aperto sui temi trattati. La Cattedra di Dialogo tra le Culture \u00e8 promossa nella sede di Ragusa dalla Facolt\u00e0 Teologica \u201cSan Bonaventura\u201d di Roma dei Francescani Conventuali, in collaborazione con l\u2019Istituto Teologico Ibleo di Ragusa, l\u2019Universit\u00e0 di Catania, la Facolt\u00e0 di Scienze dell\u2019educazione dell\u2019Universit\u00e0 di Bergamo e l\u2019Uciim Regione Sicilia. Per ulteriori informazioni, \u00e8 possibile consultare il sito www.dialogotraculture.it. [01]<\/p>\n<div>\u00a0<\/div>\n<\/div>\n","protected":false},"excerpt":{"rendered":"","protected":false},"author":1,"featured_media":0,"comment_status":"open","ping_status":"open","sticky":false,"template":"","format":"standard","meta":[],"categories":[30],"tags":[],"news-destination":[],"news-source":[],"is_homepage":[],"ta_other":[],"_links":{"self":[{"href":"https:\/\/www.chiesedisicilia.org\/chiesedisicilia\/news\/wp-json\/wp\/v2\/posts\/4163"}],"collection":[{"href":"https:\/\/www.chiesedisicilia.org\/chiesedisicilia\/news\/wp-json\/wp\/v2\/posts"}],"about":[{"href":"https:\/\/www.chiesedisicilia.org\/chiesedisicilia\/news\/wp-json\/wp\/v2\/types\/post"}],"author":[{"embeddable":true,"href":"https:\/\/www.chiesedisicilia.org\/chiesedisicilia\/news\/wp-json\/wp\/v2\/users\/1"}],"replies":[{"embeddable":true,"href":"https:\/\/www.chiesedisicilia.org\/chiesedisicilia\/news\/wp-json\/wp\/v2\/comments?post=4163"}],"version-history":[{"count":1,"href":"https:\/\/www.chiesedisicilia.org\/chiesedisicilia\/news\/wp-json\/wp\/v2\/posts\/4163\/revisions"}],"predecessor-version":[{"id":22631,"href":"https:\/\/www.chiesedisicilia.org\/chiesedisicilia\/news\/wp-json\/wp\/v2\/posts\/4163\/revisions\/22631"}],"wp:attachment":[{"href":"https:\/\/www.chiesedisicilia.org\/chiesedisicilia\/news\/wp-json\/wp\/v2\/media?parent=4163"}],"wp:term":[{"taxonomy":"category","embeddable":true,"href":"https:\/\/www.chiesedisicilia.org\/chiesedisicilia\/news\/wp-json\/wp\/v2\/categories?post=4163"},{"taxonomy":"post_tag","embeddable":true,"href":"https:\/\/www.chiesedisicilia.org\/chiesedisicilia\/news\/wp-json\/wp\/v2\/tags?post=4163"},{"taxonomy":"news-destination","embeddable":true,"href":"https:\/\/www.chiesedisicilia.org\/chiesedisicilia\/news\/wp-json\/wp\/v2\/news-destination?post=4163"},{"taxonomy":"news-source","embeddable":true,"href":"https:\/\/www.chiesedisicilia.org\/chiesedisicilia\/news\/wp-json\/wp\/v2\/news-source?post=4163"},{"taxonomy":"is_homepage","embeddable":true,"href":"https:\/\/www.chiesedisicilia.org\/chiesedisicilia\/news\/wp-json\/wp\/v2\/is_homepage?post=4163"},{"taxonomy":"ta_other","embeddable":true,"href":"https:\/\/www.chiesedisicilia.org\/chiesedisicilia\/news\/wp-json\/wp\/v2\/ta_other?post=4163"}],"curies":[{"name":"wp","href":"https:\/\/api.w.org\/{rel}","templated":true}]}}