{"id":4157,"date":"2010-10-20T11:10:00","date_gmt":"2010-10-20T09:10:00","guid":{"rendered":"http:\/\/wptestsite.tecnavia.com\/chiesedisicilia_clientsite\/news\/2010\/10\/20\/ragusa-ventanni-della-casa-don-puglisi-di-modica\/"},"modified":"2018-11-12T07:58:38","modified_gmt":"2018-01-16T07:58:38","slug":"ragusa-ventanni-della-casa-don-puglisi-di-modica","status":"publish","type":"post","link":"https:\/\/www.chiesedisicilia.org\/2010\/10\/20\/ragusa-ventanni-della-casa-don-puglisi-di-modica\/","title":{"rendered":"RAGUSA. VENT&#8217;ANNI DELLA CASA DON PUGLISI DI MODICA"},"content":{"rendered":"<div>\n<div style=\"text-align: justify\">Marted\u00ec prossimo, 26 ottobre, ricorre il ventesimo anniversario dell\u2019apertura della Casa don Puglisi di Modica. In quest\u2019occasione sar\u00e0 consegnata la nuova \u201cCarta della Casa\u201d in cui si racconta il cammino di questi anni e si focalizzano le caratteristiche di un\u2019accoglienza che vuole essere educativa da una parte, dall\u2019altra culturalmente propositiva rispetto alla comunit\u00e0 ecclesiale e alla citt\u00e0. Sar\u00e0 anzitutto ricordato don Puglisi, oggi, domenica 24 ottobre alle 19 nel salone della Casa, con interventi: di don Corrado Lorefice sul sacerdozio di don Puglisi, di suor Carolina Iavazzo, collaboratrice nel Centro Padre Nostro, sulla figura di don Puglisi educatore, del presidente dell\u2019intercondominiale di via Hazon Pino Martinez, sull\u2019impegno per la legalit\u00e0 predicato e vissuto dal sacerdote di Brancaccio. Alle 21, di fronte al nuovo punto vendita del Laboratorio dolciario in cui vengono inserite le mamme della casa per il lavoro, vi sar\u00e0 una degustazione dei biscotti e della cioccolata modicana e un intrattenimento musicale con i &#8220;Malacuscienza&#8221;. Domani, luned\u00ec 25, nell\u2019ambito del cantiere educativo \u201cCrisci ranni\u201d, anch\u2019esso come il Laboratorio collegato alla Casa don Puglisi, vi sar\u00e0 una caccia al tesoro. Marted\u00ec 26 alle ore 19, nel salone della Casa, sar\u00e0 celebrata l\u2019eucaristia, presieduta dal Vicario generale della diocesi Don Angelo Giurdanella. [01]<\/div>\n<div>\u00a0<\/div>\n<\/div>\n","protected":false},"excerpt":{"rendered":"","protected":false},"author":1,"featured_media":0,"comment_status":"open","ping_status":"open","sticky":false,"template":"","format":"standard","meta":[],"categories":[30],"tags":[],"news-destination":[],"news-source":[],"is_homepage":[],"ta_other":[],"_links":{"self":[{"href":"https:\/\/www.chiesedisicilia.org\/chiesedisicilia\/news\/wp-json\/wp\/v2\/posts\/4157"}],"collection":[{"href":"https:\/\/www.chiesedisicilia.org\/chiesedisicilia\/news\/wp-json\/wp\/v2\/posts"}],"about":[{"href":"https:\/\/www.chiesedisicilia.org\/chiesedisicilia\/news\/wp-json\/wp\/v2\/types\/post"}],"author":[{"embeddable":true,"href":"https:\/\/www.chiesedisicilia.org\/chiesedisicilia\/news\/wp-json\/wp\/v2\/users\/1"}],"replies":[{"embeddable":true,"href":"https:\/\/www.chiesedisicilia.org\/chiesedisicilia\/news\/wp-json\/wp\/v2\/comments?post=4157"}],"version-history":[{"count":1,"href":"https:\/\/www.chiesedisicilia.org\/chiesedisicilia\/news\/wp-json\/wp\/v2\/posts\/4157\/revisions"}],"predecessor-version":[{"id":22621,"href":"https:\/\/www.chiesedisicilia.org\/chiesedisicilia\/news\/wp-json\/wp\/v2\/posts\/4157\/revisions\/22621"}],"wp:attachment":[{"href":"https:\/\/www.chiesedisicilia.org\/chiesedisicilia\/news\/wp-json\/wp\/v2\/media?parent=4157"}],"wp:term":[{"taxonomy":"category","embeddable":true,"href":"https:\/\/www.chiesedisicilia.org\/chiesedisicilia\/news\/wp-json\/wp\/v2\/categories?post=4157"},{"taxonomy":"post_tag","embeddable":true,"href":"https:\/\/www.chiesedisicilia.org\/chiesedisicilia\/news\/wp-json\/wp\/v2\/tags?post=4157"},{"taxonomy":"news-destination","embeddable":true,"href":"https:\/\/www.chiesedisicilia.org\/chiesedisicilia\/news\/wp-json\/wp\/v2\/news-destination?post=4157"},{"taxonomy":"news-source","embeddable":true,"href":"https:\/\/www.chiesedisicilia.org\/chiesedisicilia\/news\/wp-json\/wp\/v2\/news-source?post=4157"},{"taxonomy":"is_homepage","embeddable":true,"href":"https:\/\/www.chiesedisicilia.org\/chiesedisicilia\/news\/wp-json\/wp\/v2\/is_homepage?post=4157"},{"taxonomy":"ta_other","embeddable":true,"href":"https:\/\/www.chiesedisicilia.org\/chiesedisicilia\/news\/wp-json\/wp\/v2\/ta_other?post=4157"}],"curies":[{"name":"wp","href":"https:\/\/api.w.org\/{rel}","templated":true}]}}