{"id":4146,"date":"2018-03-07T09:52:00","date_gmt":"2018-03-07T08:52:00","guid":{"rendered":"http:\/\/wptestsite.tecnavia.com\/chiesedisicilia_clientsite\/news\/2018\/03\/07\/piazza-armerina-le-confraternite-raccontano-la-settimana-santa-2\/"},"modified":"2018-11-12T07:58:38","modified_gmt":"2018-01-16T07:58:38","slug":"piazza-armerina-le-confraternite-raccontano-la-settimana-santa-2","status":"publish","type":"post","link":"https:\/\/www.chiesedisicilia.org\/2018\/03\/07\/piazza-armerina-le-confraternite-raccontano-la-settimana-santa-2\/","title":{"rendered":"PIAZZA ARMERINA. LE CONFRATERNITE RACCONTANO LA SETTIMANA SANTA"},"content":{"rendered":"<div><span style=\"font-size:12.0pt;font-family:\"Times New Roman\",\"serif\"\"><span style=\"font-size: medium;\"><span style=\"font-family: \"Times New Roman\";\">S<strong><span style=\"border: 1pt none windowtext; padding: 0cm; font-weight: normal;\">abato 17 marzo<\/span><\/strong> 2018, a partire dalle\u00a0<strong><span style=\"border: 1pt none windowtext; padding: 0cm; font-weight: normal;\">ore 16<\/span><\/strong>, nella\u00a0<strong><span style=\"border: 1pt none windowtext; padding: 0cm; font-weight: normal;\">Cattedrale<\/span><\/strong> di Piazza Armerina\u00a0sar\u00e0 presentata la \u201cSettimana Santa diocesana\u201d. Si tratta di un evento dal tema \u201cFede nella tradizione\u201d che rientra nelle celebrazioni ed eventi per il Bicentenario della Diocesi di Piazza Armerina, che mira a presentare i riti religiosi del Venerd\u00ec Santo e delle sue tradizioni storiche nella diocesi piazzese e le azioni esercitate nel tempo dalle varie realt\u00e0 confraternali dal 1817 ad oggi.<\/span><\/span><o:p><\/o:p><\/span><\/div>\n<div><span style=\"font-size: medium;\"><span style=\"font-family: \"Times New Roman\";\">Sar\u00e0 proiettata una sintesi video inedita che ricostruisce i riti religiosi del Venerd\u00ec Santo che si svolgono su tutto il territorio della Diocesi. La manifestazione si aprir\u00e0 con i saluti del delegato diocesano\u00a0<strong><span style=\"border: 1pt none windowtext; padding: 0cm; font-weight: normal;\">mons. Vincenzo Sauto<\/span><\/strong><b>\u00a0<\/b>e del responsabile delle Confraternite diocesane,<strong><span style=\"border: 1pt none windowtext; padding: 0cm; font-weight: normal;\"> Ferdinando Scillia<\/span><\/strong>. Dopo l\u2019introduzione del vescovo,\u00a0<strong><span style=\"border: 1pt none windowtext; padding: 0cm; font-weight: normal;\">mons. Rosario Gisana<\/span><\/strong>, sar\u00e0 possibile seguire le relazioni\u00a0 dello storico\u00a0<strong><span style=\"border: 1pt none windowtext; padding: 0cm; font-weight: normal;\">Angelo Plumari<\/span><\/strong>\u00a0e dell\u2019antropologa\u00a0<strong><span style=\"border: 1pt none windowtext; padding: 0cm; font-weight: normal;\">Maria Teresa Di Blasi<\/span><\/strong>. Moderer\u00e0 la manifestazione il giornalista\u00a0<strong><span style=\"border: 1pt none windowtext; padding: 0cm; font-weight: normal;\">Ivan Scinardo<\/span><\/strong>, direttore della sede siciliana del Centro Sperimentale di Cinematografia di Palermo. La presentazione sar\u00e0 preceduta da una processione in abito sacro delle rappresentanze di tutte le confraternite che si recheranno poi in Cattedrale con le proprie insegne distintive, accompagnate dal corpo bandistico della Citt\u00e0 di Enna e del Coro Passio Hennensis, diretti rispettivamente dal maestro\u00a0<strong><span style=\"border: 1pt none windowtext; padding: 0cm; font-weight: normal;\">Luigi Botte<\/span><\/strong>\u00a0e dalla prof.ssa\u00a0<strong><span style=\"border: 1pt none windowtext; padding: 0cm; font-weight: normal;\">Giovanna Fussone<\/span><\/strong>, che per la circostanza eseguiranno brani musicali e canti tradizionali del Venerd\u00ec Santo e che concluderanno la manifestazione con un concerto. [01]<\/span><\/span><span style=\"font-size:12.0pt;font-family:\"Times New Roman\",\"serif\"\"><o:p><\/o:p><\/span><\/div>\n","protected":false},"excerpt":{"rendered":"","protected":false},"author":1,"featured_media":0,"comment_status":"open","ping_status":"open","sticky":false,"template":"","format":"standard","meta":[],"categories":[30],"tags":[],"news-destination":[],"news-source":[],"is_homepage":[],"ta_other":[],"_links":{"self":[{"href":"https:\/\/www.chiesedisicilia.org\/chiesedisicilia\/news\/wp-json\/wp\/v2\/posts\/4146"}],"collection":[{"href":"https:\/\/www.chiesedisicilia.org\/chiesedisicilia\/news\/wp-json\/wp\/v2\/posts"}],"about":[{"href":"https:\/\/www.chiesedisicilia.org\/chiesedisicilia\/news\/wp-json\/wp\/v2\/types\/post"}],"author":[{"embeddable":true,"href":"https:\/\/www.chiesedisicilia.org\/chiesedisicilia\/news\/wp-json\/wp\/v2\/users\/1"}],"replies":[{"embeddable":true,"href":"https:\/\/www.chiesedisicilia.org\/chiesedisicilia\/news\/wp-json\/wp\/v2\/comments?post=4146"}],"version-history":[{"count":1,"href":"https:\/\/www.chiesedisicilia.org\/chiesedisicilia\/news\/wp-json\/wp\/v2\/posts\/4146\/revisions"}],"predecessor-version":[{"id":22615,"href":"https:\/\/www.chiesedisicilia.org\/chiesedisicilia\/news\/wp-json\/wp\/v2\/posts\/4146\/revisions\/22615"}],"wp:attachment":[{"href":"https:\/\/www.chiesedisicilia.org\/chiesedisicilia\/news\/wp-json\/wp\/v2\/media?parent=4146"}],"wp:term":[{"taxonomy":"category","embeddable":true,"href":"https:\/\/www.chiesedisicilia.org\/chiesedisicilia\/news\/wp-json\/wp\/v2\/categories?post=4146"},{"taxonomy":"post_tag","embeddable":true,"href":"https:\/\/www.chiesedisicilia.org\/chiesedisicilia\/news\/wp-json\/wp\/v2\/tags?post=4146"},{"taxonomy":"news-destination","embeddable":true,"href":"https:\/\/www.chiesedisicilia.org\/chiesedisicilia\/news\/wp-json\/wp\/v2\/news-destination?post=4146"},{"taxonomy":"news-source","embeddable":true,"href":"https:\/\/www.chiesedisicilia.org\/chiesedisicilia\/news\/wp-json\/wp\/v2\/news-source?post=4146"},{"taxonomy":"is_homepage","embeddable":true,"href":"https:\/\/www.chiesedisicilia.org\/chiesedisicilia\/news\/wp-json\/wp\/v2\/is_homepage?post=4146"},{"taxonomy":"ta_other","embeddable":true,"href":"https:\/\/www.chiesedisicilia.org\/chiesedisicilia\/news\/wp-json\/wp\/v2\/ta_other?post=4146"}],"curies":[{"name":"wp","href":"https:\/\/api.w.org\/{rel}","templated":true}]}}