{"id":4128,"date":"2016-11-04T10:29:00","date_gmt":"2016-11-04T09:29:00","guid":{"rendered":"http:\/\/wptestsite.tecnavia.com\/chiesedisicilia_clientsite\/news\/2016\/11\/04\/piazza-armerina-amoris-laetitia-tema-pastorale-del-nuovo-anno-pastorale\/"},"modified":"2018-11-12T07:58:38","modified_gmt":"2018-01-16T07:58:38","slug":"piazza-armerina-amoris-laetitia-tema-pastorale-del-nuovo-anno-pastorale","status":"publish","type":"post","link":"https:\/\/www.chiesedisicilia.org\/2016\/11\/04\/piazza-armerina-amoris-laetitia-tema-pastorale-del-nuovo-anno-pastorale\/","title":{"rendered":"PIAZZA ARMERINA. &#8220;AMORIS LAETITIA&#8221; TEMA PASTORALE DEL NUOVO ANNO PASTORALE"},"content":{"rendered":"<div><span style=\"font-size:12.0pt;font-family:\"Times New Roman\",\"serif\"\"><span style=\"font-size: medium;\"><span style=\"font-family: \"Times New Roman\";\">\u201cLetizia e fatica dell\u2019amore. La\u00a0<em><span style=\"border: 1pt none windowtext; padding: 0cm;\">Amoris Laetitia<\/span><\/em><span class=\"apple-converted-space\">\u00a0<\/span>di Papa Francesco nel vissuto e nella cultura della contemporaneit\u00e0\u201d \u00e8 il tema della relazione prevista nell&#8217;ambito del Convegno pastorale diocesano che si svolger\u00e0 sabato 5 novembre 2016, a partire dalle ore 15.30, nella parrocchia S. Pietro, a Piazza Armerina. A guidare la riflessione sar\u00e0 Antonio Sichera, ordinario di Letteratura italiana presso la Facolt\u00e0 di Lettere e filosofia dell\u2019Universit\u00e0 di Catania ed esperto in Scienze religiose.<\/span><\/span><o:p><\/o:p><\/span><\/div>\n<div><span style=\"font-size: medium;\"><span style=\"font-family: \"Times New Roman\";\">Il vescovo mons. Rosario Gisana, ha indicato nello studio dell\u2019Esortazione Apostolica<span class=\"apple-converted-space\">\u00a0<\/span><em><span style=\"border: 1pt none windowtext; padding: 0cm;\">Amoris Laetitia<\/span><\/em><span class=\"apple-converted-space\">\u00a0<\/span>il tema\u00a0 pastorale di questo nuovo anno.<\/span><\/span><span style=\"font-size:12.0pt;font-family:\"Times New Roman\",\"serif\"\"><o:p><\/o:p><\/span><\/div>\n<div><span style=\"font-size: medium;\"><span style=\"font-family: \"Times New Roman\";\">&#8220;Dal recente incontro con il Consiglio presbiterale &#8211; ha scritto in una pi\u00f9 ampia Lettera ai fedeli -, \u00e8 emersa la necessit\u00e0 di un approfondimento dell\u2019Esortazione post-sinodale Amoris Laetitia; da qui il bisogno di affrontare, nella corresponsabilit\u00e0, il tema del matrimonio: un aspetto questo della vita pastorale particolarmente delicato da riflettere a diversi livelli. Ci si prepara cos\u00ec a quel cammino sinodale tanto agognato che dovr\u00e0, nella preghiera e nel confronto vicendevoli, pervenire a ci\u00f2 che dice lo Spirito alla Chiesa di Piazza Armerina (cfr. Ap 2,29). L\u2019ascolto, il confronto e il discernimento costituiranno i criteri per avviare questo percorso ecclesiale, che vedr\u00e0 coinvolti i presbiteri con il Consiglio presbiterale, i fedeli laici con il Consiglio pastorale e i diaconi con il Consiglio diaconale. Tale metodologia, affidata alla misericordia di Dio, possa sollecitare quella dialettica di verit\u00e0 che non soltanto mette sullo stesso piano, in senso pastorale, presbiteri, diaconi e fedeli laici, ma favorisce altres\u00ec il dialogo ecclesiale nella recezione di ci\u00f2 che il Signore dice a questa Chiesa. La riflessione sull\u2019Esortazione, condotta da esperti mese dopo mese, costituir\u00e0 lo spunto per leggere in maniera adeguata il sacramento del matrimonio, nelle sue variegate applicazioni pastorali (liturgica, sacramentale, catechetica). Il confronto, affidato ai tre Consigli porter\u00e0 ad alcuni orientamenti o propositiones (decisioni di natura sinodale), i quali serviranno a configurare il cammino diocesano della nostra pastorale ordinaria. \u00c8 cos\u00ec che si delineer\u00e0 un progetto, scaturito concretamente dai contribuiti di tutti, nell\u2019ascolto vicendevole di ci\u00f2 che lo Spirito vuole suggerire alla nostra comunit\u00e0 diocesana. Tale progetto non sar\u00e0 espressione di alcuni n\u00e9 tanto meno di coloro che reputano di detenere qualche pensiero autorevole. Quello che importa \u00e8 effettivamente il pensiero di Cristo, che si rivela nell\u2019umilt\u00e0 di una recezione docile, aperta e schietta&#8221;.<\/span><\/span><span style=\"font-size:12.0pt;font-family:\"Times New Roman\",\"serif\"\"><o:p><\/o:p><\/span><\/div>\n<div><span style=\"font-size: medium;\"><span style=\"font-family: \"Times New Roman\";\">Rispetto a questo momento di confronto, sar\u00e0 introdotto dal Convegno pastorale diocesano al quale prenderanno parte le comunit\u00e0 parrocchiali, i movimenti, le associazioni e le confraternite. [01]<\/span><\/span><span style=\"font-size:12.0pt;font-family:\"Times New Roman\",\"serif\"\"><o:p><\/o:p><\/span><\/div>\n","protected":false},"excerpt":{"rendered":"","protected":false},"author":1,"featured_media":0,"comment_status":"open","ping_status":"open","sticky":false,"template":"","format":"standard","meta":[],"categories":[30],"tags":[],"news-destination":[],"news-source":[],"is_homepage":[],"ta_other":[],"_links":{"self":[{"href":"https:\/\/www.chiesedisicilia.org\/chiesedisicilia\/news\/wp-json\/wp\/v2\/posts\/4128"}],"collection":[{"href":"https:\/\/www.chiesedisicilia.org\/chiesedisicilia\/news\/wp-json\/wp\/v2\/posts"}],"about":[{"href":"https:\/\/www.chiesedisicilia.org\/chiesedisicilia\/news\/wp-json\/wp\/v2\/types\/post"}],"author":[{"embeddable":true,"href":"https:\/\/www.chiesedisicilia.org\/chiesedisicilia\/news\/wp-json\/wp\/v2\/users\/1"}],"replies":[{"embeddable":true,"href":"https:\/\/www.chiesedisicilia.org\/chiesedisicilia\/news\/wp-json\/wp\/v2\/comments?post=4128"}],"version-history":[{"count":1,"href":"https:\/\/www.chiesedisicilia.org\/chiesedisicilia\/news\/wp-json\/wp\/v2\/posts\/4128\/revisions"}],"predecessor-version":[{"id":22593,"href":"https:\/\/www.chiesedisicilia.org\/chiesedisicilia\/news\/wp-json\/wp\/v2\/posts\/4128\/revisions\/22593"}],"wp:attachment":[{"href":"https:\/\/www.chiesedisicilia.org\/chiesedisicilia\/news\/wp-json\/wp\/v2\/media?parent=4128"}],"wp:term":[{"taxonomy":"category","embeddable":true,"href":"https:\/\/www.chiesedisicilia.org\/chiesedisicilia\/news\/wp-json\/wp\/v2\/categories?post=4128"},{"taxonomy":"post_tag","embeddable":true,"href":"https:\/\/www.chiesedisicilia.org\/chiesedisicilia\/news\/wp-json\/wp\/v2\/tags?post=4128"},{"taxonomy":"news-destination","embeddable":true,"href":"https:\/\/www.chiesedisicilia.org\/chiesedisicilia\/news\/wp-json\/wp\/v2\/news-destination?post=4128"},{"taxonomy":"news-source","embeddable":true,"href":"https:\/\/www.chiesedisicilia.org\/chiesedisicilia\/news\/wp-json\/wp\/v2\/news-source?post=4128"},{"taxonomy":"is_homepage","embeddable":true,"href":"https:\/\/www.chiesedisicilia.org\/chiesedisicilia\/news\/wp-json\/wp\/v2\/is_homepage?post=4128"},{"taxonomy":"ta_other","embeddable":true,"href":"https:\/\/www.chiesedisicilia.org\/chiesedisicilia\/news\/wp-json\/wp\/v2\/ta_other?post=4128"}],"curies":[{"name":"wp","href":"https:\/\/api.w.org\/{rel}","templated":true}]}}