{"id":4105,"date":"2013-04-29T21:39:00","date_gmt":"2013-04-29T19:39:00","guid":{"rendered":"http:\/\/wptestsite.tecnavia.com\/chiesedisicilia_clientsite\/news\/2013\/04\/29\/eletto-lamministratore-diocesano\/"},"modified":"2018-11-12T07:58:38","modified_gmt":"2018-01-16T07:58:38","slug":"eletto-lamministratore-diocesano","status":"publish","type":"post","link":"https:\/\/www.chiesedisicilia.org\/2013\/04\/29\/eletto-lamministratore-diocesano\/","title":{"rendered":"Eletto l&#8217;Amministratore Diocesano"},"content":{"rendered":"<div>\u00a0DIOCESI DI PIAZZA ARMERINA<\/div>\n<div>Ufficio Stampa<\/div>\n<div>Via La Bella, 3 \u2013 tel. e fax 0935\/680113<\/div>\n<div>94015 PIAZZA ARMERINA<\/div>\n<div>e-mail: <a href=\"mailto:comunicazionisociali@diocesiarmerina.it\">comunicazionisociali@diocesiarmerina.it<\/a><\/div>\n<div>\u00a0<\/div>\n<div>\u00a0<\/div>\n<div>\u00a0<\/div>\n<div>\u00a0<\/div>\n<div style=\"text-align: center; \">\u00a0<\/div>\n<div style=\"text-align: center; \">\u00a0<\/div>\n<div style=\"text-align: center; \">\u00a0<strong>COMUNICATO STAMPA<\/strong><\/div>\n<div>\u00a0<\/div>\n<div style=\"text-align: justify; \"><strong>Mons. Giovanni Bongiovanni<\/strong>, gi\u00e0 Vicario Generale e Delegato ad Univarsitatis Casuum durante l\u2019episcopato di Mons. Michele Pennisi,<strong> \u00e8 stato eletto Amministratore Diocesano<\/strong>. Mons. Bongiovanni regger\u00e0 la Diocesi di Piazza Armerina durante il periodo della Sede Vacante, fino alla presa di possesso canonico del nuovo Vescovo. L\u2019elezione si \u00e8 svolta stamani presso la Curia Vescovile da parte del Collegio dei Consultori, l\u2019organo, composto da 11 presbiteri scelti tra i membri del Consiglio Presbiterale, cui spetta, tra gli altri compiti, quello di eleggere appunto l\u2019Amministratore Diocesano. L&#8217;Amministratore, come recita il canone 427 par. 1, \u00e8 tenuto agli obblighi e ha la potest\u00e0 del Vescovo diocesano, escluso ci\u00f2 che non gli compete o per la natura della cosa o per il diritto stesso.<\/div>\n<div style=\"text-align: justify; \">Mons. Giovanni Bongiovanni, originario di Pietraperzia, \u00e8 nato il 24 aprile del 1943. Sacerdote dal 1966, ha conseguito la licenza in Sacra Teologia, presso la Pontificia Universit\u00e0 Lateranense di Roma. \u00c8 stato, prima Vicario cooperatore e dal 1978 ad oggi parroco della parrocchia Santa Maria di Ges\u00f9 in Pietraperzia. Professore presso il seminario diocesano, Economo diocesano dal 1991 al 1994, membro del Consiglio presbiterale, del consiglio pastorale e del Collegio dei Consultori, Canonico del Capitolo cattedrale e dal 1992 al\u20198 febbraio 2013 Vicario generale e Moderatore di Curia. Il 5 settembre 2012 \u00e8 stato insignito del titolo di \u201cPrelato d\u2019Onore di Sua Santit\u00e0\u201d.<\/div>\n<div style=\"text-align: justify; \">\u00a0<\/div>\n<div>\u00a0<\/div>\n<div style=\"text-align: right; \">Il direttore \u00a0 \u00a0 \u00a0<\/div>\n<div style=\"text-align: right; \">Giuseppe Rabita<\/div>\n<div>\u00a0<\/div>\n","protected":false},"excerpt":{"rendered":"<p>Mons. Giovanni Bongiovanni, gi\u00e0 Vicario Generale e Delegato ad Univarsitatis Casuum durante l\u2019episcopato di Mons. Michele Pennisi, \u00e8 stato eletto Amministratore Diocesano. Mons. Bongiovanni regger\u00e0 la Diocesi di Piazza Armerina durante il periodo della Sede Vacante, fino alla presa di possesso canonico del nuovo Vescovo&#8230;<\/p>\n","protected":false},"author":1,"featured_media":4106,"comment_status":"open","ping_status":"open","sticky":false,"template":"","format":"standard","meta":[],"categories":[30],"tags":[],"news-destination":[],"news-source":[],"is_homepage":[],"ta_other":[],"_links":{"self":[{"href":"https:\/\/www.chiesedisicilia.org\/chiesedisicilia\/news\/wp-json\/wp\/v2\/posts\/4105"}],"collection":[{"href":"https:\/\/www.chiesedisicilia.org\/chiesedisicilia\/news\/wp-json\/wp\/v2\/posts"}],"about":[{"href":"https:\/\/www.chiesedisicilia.org\/chiesedisicilia\/news\/wp-json\/wp\/v2\/types\/post"}],"author":[{"embeddable":true,"href":"https:\/\/www.chiesedisicilia.org\/chiesedisicilia\/news\/wp-json\/wp\/v2\/users\/1"}],"replies":[{"embeddable":true,"href":"https:\/\/www.chiesedisicilia.org\/chiesedisicilia\/news\/wp-json\/wp\/v2\/comments?post=4105"}],"version-history":[{"count":1,"href":"https:\/\/www.chiesedisicilia.org\/chiesedisicilia\/news\/wp-json\/wp\/v2\/posts\/4105\/revisions"}],"predecessor-version":[{"id":22573,"href":"https:\/\/www.chiesedisicilia.org\/chiesedisicilia\/news\/wp-json\/wp\/v2\/posts\/4105\/revisions\/22573"}],"wp:featuredmedia":[{"embeddable":true,"href":"https:\/\/www.chiesedisicilia.org\/chiesedisicilia\/news\/wp-json\/wp\/v2\/media\/4106"}],"wp:attachment":[{"href":"https:\/\/www.chiesedisicilia.org\/chiesedisicilia\/news\/wp-json\/wp\/v2\/media?parent=4105"}],"wp:term":[{"taxonomy":"category","embeddable":true,"href":"https:\/\/www.chiesedisicilia.org\/chiesedisicilia\/news\/wp-json\/wp\/v2\/categories?post=4105"},{"taxonomy":"post_tag","embeddable":true,"href":"https:\/\/www.chiesedisicilia.org\/chiesedisicilia\/news\/wp-json\/wp\/v2\/tags?post=4105"},{"taxonomy":"news-destination","embeddable":true,"href":"https:\/\/www.chiesedisicilia.org\/chiesedisicilia\/news\/wp-json\/wp\/v2\/news-destination?post=4105"},{"taxonomy":"news-source","embeddable":true,"href":"https:\/\/www.chiesedisicilia.org\/chiesedisicilia\/news\/wp-json\/wp\/v2\/news-source?post=4105"},{"taxonomy":"is_homepage","embeddable":true,"href":"https:\/\/www.chiesedisicilia.org\/chiesedisicilia\/news\/wp-json\/wp\/v2\/is_homepage?post=4105"},{"taxonomy":"ta_other","embeddable":true,"href":"https:\/\/www.chiesedisicilia.org\/chiesedisicilia\/news\/wp-json\/wp\/v2\/ta_other?post=4105"}],"curies":[{"name":"wp","href":"https:\/\/api.w.org\/{rel}","templated":true}]}}