{"id":4102,"date":"2013-04-12T19:01:00","date_gmt":"2013-04-12T17:01:00","guid":{"rendered":"http:\/\/wptestsite.tecnavia.com\/chiesedisicilia_clientsite\/news\/2013\/04\/12\/piazza-armerina-videro-e-credettero-la-bellezza-e-la-gioia-di-essere-cristiani\/"},"modified":"2018-11-12T07:58:38","modified_gmt":"2018-01-16T07:58:38","slug":"piazza-armerina-videro-e-credettero-la-bellezza-e-la-gioia-di-essere-cristiani","status":"publish","type":"post","link":"https:\/\/www.chiesedisicilia.org\/2013\/04\/12\/piazza-armerina-videro-e-credettero-la-bellezza-e-la-gioia-di-essere-cristiani\/","title":{"rendered":"PIAZZA ARMERINA. \u201cVIDERO E CREDETTERO: LA BELLEZZA E LA GIOIA DI ESSERE CRISTIANI\u201d"},"content":{"rendered":"<div><span style=\"font-family: 'Times New Roman';\"><span style=\"font-size: 12pt;\">Si apre oggi, mercoled\u00ec 10 Aprile, la mostra dal titolo \u201cVidero e cedettero\u201d, che si svolge a Piazza Armerina fino al 23 Aprile prossimo. <\/span><span style=\"font-size: 12pt;\">Si tratta di una mostra didattica itinerante che gi\u00e0 \u00e8 stata esposta in oltre sessanta citt\u00e0 italiane e in Spagna. Promossa\u00a0 con il patrocinio del Servizio nazionale per il progetto culturale della CEI,\u00a0 dell\u2019Ufficio nazionale per le Comunicazioni sociali e del Pontificio consiglio per la Promozione della Nuova Evangelizzazione e realizzata da\u00a0 Itaca\u00a0 \u00e8 in continuit\u00e0 con altre\u00a0 analoghe mostre realizzate in oltre 300 citt\u00e0 italiane fra cui Piazza Armerina, che hanno messo in evidenza come tale strumento costituisca una modalit\u00e0 molto efficace di una diffusa \u201calfabetizzazione\u201d sui temi centrali della fede e della vita cristiana attraverso la \u201cvia pulchritudinis\u201d e di \u201ccomunione ecclesiale\u201d.<\/span><\/span><\/div>\n<div><span style=\"font-family: 'Times New Roman';\"><span style=\"font-size: 12pt;\">La mostra intende essere uno strumento che, attraverso l\u2019arte, vuole aiutare a riscoprire la fede e<\/span><span style=\"font-size: 12pt;\">\u00a0<\/span><span style=\"font-size: 12pt;\">a testimoniarla. \u201cL\u2019evento, infatti, non consiste in una pura esposizione di pannelli, ma ha nelle guide il suo fattore decisivo \u2013 ha voluto evidenziare nel suo intervento di presentazione mons. Michele Pennisi, amministratore diocesano di Piazza Armerina -. Questa mostra vuole manifestare e comunicare la bellezza della fede attraverso l\u2019incontro che tante persone di cui ci parla il Vangelo hanno fatto con Ges\u00f9 Cristo\u201d. \u201cVidero e credettero&#8221; \u00e8 accompagnata da un volume, edito da Itaca e da Libreria Editrice Vaticana, che contiene contributi di<\/span><span style=\"font-size: 12pt;\">\u00a0<\/span><span style=\"font-size: 12pt;\">Eugenio Dal Pane ed Andrea Bellanti con una introduzione di mons. Rino Fisichella e i discorsi e le omelie di Benedetto XVI sulla fede\u201d.<\/span><\/span><\/div>\n<div><span style=\"font-family: 'Times New Roman';\"><span style=\"font-size: 12pt;\">La mostra \u00e8 aperta anche a studenti, ragazzi e giovani delle parrocchie, credenti adulti e persone alla ricerca della fede, <\/span><span style=\"font-size: 12pt;\">tutti i giorni dalle ore 9.30 alle 12.30, e dalle 15.30 alle 18.30. Sono previste visite guidate nei giorni e negli orari di apertura. L\u2019ingresso \u00e8 libero. Per maggiori informazioni e prenotazioni di visite guidate \u00e8 possibile chiamare i numeri 0935\/680113, oppure 338\/4421894 , o scrivere all\u2019indirizzo mail <\/span><\/span><span style=\"font-size:11.0pt;font-family:\n\"Calibri\",\"sans-serif\";mso-fareast-font-family:Calibri;mso-fareast-theme-font:\nminor-latin;mso-bidi-font-family:Calibri;mso-ansi-language:IT;mso-fareast-language:\nIT;mso-bidi-language:AR-SA\"><a href=\"mailto:beniculturali@diocesiarmerina.it\"><span style=\"font-family: 'Times New Roman';\"><span style=\"font-size: 12pt;\">beniculturali@diocesiarmerina.it<\/span><\/span><\/a><\/span><span style=\"font-family: 'Times New Roman';\"><span style=\"font-size: 12pt;\">. [01]<\/span><\/span><\/div>\n","protected":false},"excerpt":{"rendered":"","protected":false},"author":1,"featured_media":0,"comment_status":"open","ping_status":"open","sticky":false,"template":"","format":"standard","meta":[],"categories":[30],"tags":[],"news-destination":[],"news-source":[],"is_homepage":[],"ta_other":[],"_links":{"self":[{"href":"https:\/\/www.chiesedisicilia.org\/chiesedisicilia\/news\/wp-json\/wp\/v2\/posts\/4102"}],"collection":[{"href":"https:\/\/www.chiesedisicilia.org\/chiesedisicilia\/news\/wp-json\/wp\/v2\/posts"}],"about":[{"href":"https:\/\/www.chiesedisicilia.org\/chiesedisicilia\/news\/wp-json\/wp\/v2\/types\/post"}],"author":[{"embeddable":true,"href":"https:\/\/www.chiesedisicilia.org\/chiesedisicilia\/news\/wp-json\/wp\/v2\/users\/1"}],"replies":[{"embeddable":true,"href":"https:\/\/www.chiesedisicilia.org\/chiesedisicilia\/news\/wp-json\/wp\/v2\/comments?post=4102"}],"version-history":[{"count":1,"href":"https:\/\/www.chiesedisicilia.org\/chiesedisicilia\/news\/wp-json\/wp\/v2\/posts\/4102\/revisions"}],"predecessor-version":[{"id":22574,"href":"https:\/\/www.chiesedisicilia.org\/chiesedisicilia\/news\/wp-json\/wp\/v2\/posts\/4102\/revisions\/22574"}],"wp:attachment":[{"href":"https:\/\/www.chiesedisicilia.org\/chiesedisicilia\/news\/wp-json\/wp\/v2\/media?parent=4102"}],"wp:term":[{"taxonomy":"category","embeddable":true,"href":"https:\/\/www.chiesedisicilia.org\/chiesedisicilia\/news\/wp-json\/wp\/v2\/categories?post=4102"},{"taxonomy":"post_tag","embeddable":true,"href":"https:\/\/www.chiesedisicilia.org\/chiesedisicilia\/news\/wp-json\/wp\/v2\/tags?post=4102"},{"taxonomy":"news-destination","embeddable":true,"href":"https:\/\/www.chiesedisicilia.org\/chiesedisicilia\/news\/wp-json\/wp\/v2\/news-destination?post=4102"},{"taxonomy":"news-source","embeddable":true,"href":"https:\/\/www.chiesedisicilia.org\/chiesedisicilia\/news\/wp-json\/wp\/v2\/news-source?post=4102"},{"taxonomy":"is_homepage","embeddable":true,"href":"https:\/\/www.chiesedisicilia.org\/chiesedisicilia\/news\/wp-json\/wp\/v2\/is_homepage?post=4102"},{"taxonomy":"ta_other","embeddable":true,"href":"https:\/\/www.chiesedisicilia.org\/chiesedisicilia\/news\/wp-json\/wp\/v2\/ta_other?post=4102"}],"curies":[{"name":"wp","href":"https:\/\/api.w.org\/{rel}","templated":true}]}}