{"id":4096,"date":"2012-07-13T18:01:00","date_gmt":"2012-07-13T16:01:00","guid":{"rendered":"http:\/\/wptestsite.tecnavia.com\/chiesedisicilia_clientsite\/news\/2012\/07\/13\/piazza-armerina-volontariato-e-territorio-scoperta-e-impegno\/"},"modified":"2018-11-12T07:58:38","modified_gmt":"2018-01-16T07:58:38","slug":"piazza-armerina-volontariato-e-territorio-scoperta-e-impegno","status":"publish","type":"post","link":"https:\/\/www.chiesedisicilia.org\/2012\/07\/13\/piazza-armerina-volontariato-e-territorio-scoperta-e-impegno\/","title":{"rendered":"PIAZZA ARMERINA. \u201cVOLONTARIATO E TERRITORIO: SCOPERTA E IMPEGNO\u201d"},"content":{"rendered":"<div style=\"text-align: justify; \">Si svolger\u00e0 a Gela, da oggi, luned\u00ec 16 luglio a venerd\u00ec 20, il campo estivo \u201cIl volontariato per il territorio: scoperta e impegno\u201d. Sede dell\u2019appuntamento \u00e8 la Casa del volontariato di Gela\u201d. Quello proposto \u00e8 un percorso di educazione alla cittadinanza attiva attraverso la conoscenza di luoghi simbolo del territorio da un punto di vista architettonico ed artistico, la cura ed attenzione all\u2019ambiente e nel dare un significato morale agli obiettivi di crescita, alle regole di comportamento, all\u2019attenzione alla persona, al promuovere una cultura che si alimenta del principio della solidariet\u00e0 della sussidiariet\u00e0 e della legalit\u00e0. Il campo \u00e8 destinato a giovani dai 16 ai 25 anni ed \u00e8 organizzato dalle associazioni: Gela famiglia, Agesci Gela 5, Centro Zuppardo, Futuramente, Onvgi, Prociv di Niscemi, Rangers di Niscemi, con il contributo del Cesvop. [01]<\/div>\n<div>\u00a0<\/div>\n","protected":false},"excerpt":{"rendered":"","protected":false},"author":1,"featured_media":0,"comment_status":"open","ping_status":"open","sticky":false,"template":"","format":"standard","meta":[],"categories":[30],"tags":[],"news-destination":[],"news-source":[],"is_homepage":[],"ta_other":[],"_links":{"self":[{"href":"https:\/\/www.chiesedisicilia.org\/chiesedisicilia\/news\/wp-json\/wp\/v2\/posts\/4096"}],"collection":[{"href":"https:\/\/www.chiesedisicilia.org\/chiesedisicilia\/news\/wp-json\/wp\/v2\/posts"}],"about":[{"href":"https:\/\/www.chiesedisicilia.org\/chiesedisicilia\/news\/wp-json\/wp\/v2\/types\/post"}],"author":[{"embeddable":true,"href":"https:\/\/www.chiesedisicilia.org\/chiesedisicilia\/news\/wp-json\/wp\/v2\/users\/1"}],"replies":[{"embeddable":true,"href":"https:\/\/www.chiesedisicilia.org\/chiesedisicilia\/news\/wp-json\/wp\/v2\/comments?post=4096"}],"version-history":[{"count":1,"href":"https:\/\/www.chiesedisicilia.org\/chiesedisicilia\/news\/wp-json\/wp\/v2\/posts\/4096\/revisions"}],"predecessor-version":[{"id":22568,"href":"https:\/\/www.chiesedisicilia.org\/chiesedisicilia\/news\/wp-json\/wp\/v2\/posts\/4096\/revisions\/22568"}],"wp:attachment":[{"href":"https:\/\/www.chiesedisicilia.org\/chiesedisicilia\/news\/wp-json\/wp\/v2\/media?parent=4096"}],"wp:term":[{"taxonomy":"category","embeddable":true,"href":"https:\/\/www.chiesedisicilia.org\/chiesedisicilia\/news\/wp-json\/wp\/v2\/categories?post=4096"},{"taxonomy":"post_tag","embeddable":true,"href":"https:\/\/www.chiesedisicilia.org\/chiesedisicilia\/news\/wp-json\/wp\/v2\/tags?post=4096"},{"taxonomy":"news-destination","embeddable":true,"href":"https:\/\/www.chiesedisicilia.org\/chiesedisicilia\/news\/wp-json\/wp\/v2\/news-destination?post=4096"},{"taxonomy":"news-source","embeddable":true,"href":"https:\/\/www.chiesedisicilia.org\/chiesedisicilia\/news\/wp-json\/wp\/v2\/news-source?post=4096"},{"taxonomy":"is_homepage","embeddable":true,"href":"https:\/\/www.chiesedisicilia.org\/chiesedisicilia\/news\/wp-json\/wp\/v2\/is_homepage?post=4096"},{"taxonomy":"ta_other","embeddable":true,"href":"https:\/\/www.chiesedisicilia.org\/chiesedisicilia\/news\/wp-json\/wp\/v2\/ta_other?post=4096"}],"curies":[{"name":"wp","href":"https:\/\/api.w.org\/{rel}","templated":true}]}}