{"id":4089,"date":"2011-09-01T19:13:00","date_gmt":"2011-09-01T17:13:00","guid":{"rendered":"http:\/\/wptestsite.tecnavia.com\/chiesedisicilia_clientsite\/news\/2011\/09\/01\/piazza-armerina-questione-educativa-settimana-della-scuola\/"},"modified":"2018-11-12T07:58:38","modified_gmt":"2018-01-16T07:58:38","slug":"piazza-armerina-questione-educativa-settimana-della-scuola","status":"publish","type":"post","link":"https:\/\/www.chiesedisicilia.org\/2011\/09\/01\/piazza-armerina-questione-educativa-settimana-della-scuola\/","title":{"rendered":"PIAZZA ARMERINA. QUESTIONE EDUCATIVA: &#8220;SETTIMANA DELLA SCUOLA&#8221;"},"content":{"rendered":"<div>\n<div>\u00a0<\/div>\n<div style=\"text-align: justify\">Una settimana particolare per sensibilizzare la comunit\u00e0 ecclesiale e civile sulle problematiche educative sociali, pastorali e scolastiche; promuovere un proficuo confronto sulla questione educativa; sostenere l\u2019azione gi\u00e0 intrapresa nei vari Vicariati delle Consulte cittadine di Pastorale scolastica, rafforzare il \u201cpatto di corresponsabilit\u00e0\u201d, elaborare progetti che nascono dalla comunione di ricchezze tra scuola, famiglia, parrocchia e istituzioni promuovendo il rifiorire educativo nel tempo e nel luogo del nostro vivere; per pregare all&#8217;unisono, il Signore &#8220;maestro buono&#8221; e chiedere l&#8217;intercessione di &#8220;Maria Vergine e Madre perch\u00e9, non permetta che davanti alle sfide di questo tempo la nostra esistenza sia soffocata dalla rassegnazione o dall\u2019impotenza e ci aiuti a custodire l\u2019attitudine all\u2019ascolto, grembo nel quale la Parola diventa feconda e ci fa comprendere che nulla \u00e8 impossibile a Dio\u201d. (CEI &#8211; Educare alla Vita Buona del Vangelo). \u00c8 con questo spirito che da domenica 18 a domenica 25 settembre, la diocesi di Piazza Armerina propone la Settimana della Scuola. L\u2019appuntamento \u00e8 stato programmato dall\u2019Ufficio diocesano per la Pastorale della Scuola come occasione per \u201cun proficuo confronto sulla questione educativa\u201d. \u201cLa nostra Chiesa locale, nel Convegno diocesano del novembre 2009, ha constatato che l\u2019invecchiamento della realt\u00e0 pastorale rispetto all\u2019evolversi della societ\u00e0, la difficolt\u00e0 di rapportarci con le nuove generazioni, la consapevolezza delle nostre competenze rispetto ai nuovi problemi e le nuove sfide del mondo giovanile, la diffusione delle nuove tecnologie che stanno creando un nuovo modello di uomo, la volatilit\u00e0 delle appartenenze, la liquidit\u00e0 dei rapporti, la crisi della famiglia, l\u2019emergenza educativa \u2013 dice mons. Michele Pennisi, vescovo di Piazza Armerina e delegato Cesi per la Pastorale dell\u2019Educazione e della Scuola \u2013 e, se da una parte pu\u00f2 generare un senso di scoraggiamento, dall\u2019altra prelude ad una nuova presa di coscienza per agire non da collaboratori occasionali, ma da corresponsabili per un\u2019azione d\u2019insieme integrale ed integrante. La questione educativa \u00e8 al centro del nostro essere Chiesa \u2013 aggiunge il presule &#8211; e costituisce l&#8217;orizzonte dentro il quale muoveranno le scelte pastorali di questa diocesi per i prossimi anni. Ci\u00f2 non pu\u00f2 essere fatto pienamente senza di voi, se manca il vostro contributo a rendere le scuole, le parrocchie, le citt\u00e0 luoghi favorevoli alla crescita, all&#8217;incontro, alla ricerca di ci\u00f2 che \u00e8 bene per tutti\u201d. [01]<\/div>\n<div>\u00a0<\/div>\n<\/div>\n","protected":false},"excerpt":{"rendered":"","protected":false},"author":1,"featured_media":0,"comment_status":"open","ping_status":"open","sticky":false,"template":"","format":"standard","meta":[],"categories":[30],"tags":[],"news-destination":[],"news-source":[],"is_homepage":[],"ta_other":[],"_links":{"self":[{"href":"https:\/\/www.chiesedisicilia.org\/chiesedisicilia\/news\/wp-json\/wp\/v2\/posts\/4089"}],"collection":[{"href":"https:\/\/www.chiesedisicilia.org\/chiesedisicilia\/news\/wp-json\/wp\/v2\/posts"}],"about":[{"href":"https:\/\/www.chiesedisicilia.org\/chiesedisicilia\/news\/wp-json\/wp\/v2\/types\/post"}],"author":[{"embeddable":true,"href":"https:\/\/www.chiesedisicilia.org\/chiesedisicilia\/news\/wp-json\/wp\/v2\/users\/1"}],"replies":[{"embeddable":true,"href":"https:\/\/www.chiesedisicilia.org\/chiesedisicilia\/news\/wp-json\/wp\/v2\/comments?post=4089"}],"version-history":[{"count":1,"href":"https:\/\/www.chiesedisicilia.org\/chiesedisicilia\/news\/wp-json\/wp\/v2\/posts\/4089\/revisions"}],"predecessor-version":[{"id":22557,"href":"https:\/\/www.chiesedisicilia.org\/chiesedisicilia\/news\/wp-json\/wp\/v2\/posts\/4089\/revisions\/22557"}],"wp:attachment":[{"href":"https:\/\/www.chiesedisicilia.org\/chiesedisicilia\/news\/wp-json\/wp\/v2\/media?parent=4089"}],"wp:term":[{"taxonomy":"category","embeddable":true,"href":"https:\/\/www.chiesedisicilia.org\/chiesedisicilia\/news\/wp-json\/wp\/v2\/categories?post=4089"},{"taxonomy":"post_tag","embeddable":true,"href":"https:\/\/www.chiesedisicilia.org\/chiesedisicilia\/news\/wp-json\/wp\/v2\/tags?post=4089"},{"taxonomy":"news-destination","embeddable":true,"href":"https:\/\/www.chiesedisicilia.org\/chiesedisicilia\/news\/wp-json\/wp\/v2\/news-destination?post=4089"},{"taxonomy":"news-source","embeddable":true,"href":"https:\/\/www.chiesedisicilia.org\/chiesedisicilia\/news\/wp-json\/wp\/v2\/news-source?post=4089"},{"taxonomy":"is_homepage","embeddable":true,"href":"https:\/\/www.chiesedisicilia.org\/chiesedisicilia\/news\/wp-json\/wp\/v2\/is_homepage?post=4089"},{"taxonomy":"ta_other","embeddable":true,"href":"https:\/\/www.chiesedisicilia.org\/chiesedisicilia\/news\/wp-json\/wp\/v2\/ta_other?post=4089"}],"curies":[{"name":"wp","href":"https:\/\/api.w.org\/{rel}","templated":true}]}}