{"id":4070,"date":"2016-12-21T13:10:00","date_gmt":"2016-12-21T12:10:00","guid":{"rendered":"http:\/\/wptestsite.tecnavia.com\/chiesedisicilia_clientsite\/news\/2016\/12\/21\/piana-degli-albanesi-date-riflessione-date-importanza-allannunzio-della-nativita-del-signore\/"},"modified":"2018-11-12T07:58:38","modified_gmt":"2018-01-16T07:58:38","slug":"piana-degli-albanesi-date-riflessione-date-importanza-allannunzio-della-nativita-del-signore","status":"publish","type":"post","link":"https:\/\/www.chiesedisicilia.org\/2016\/12\/21\/piana-degli-albanesi-date-riflessione-date-importanza-allannunzio-della-nativita-del-signore\/","title":{"rendered":"PIANA DEGLI ALBANESI. &#8220;DATE RIFLESSIONE, DATE IMPORTANZA ALL&#8217;ANNUNZIO DELLA NATIVITA&#8217; DEL SIGNORE&#8221;"},"content":{"rendered":"<div><span style=\"font-size:12.0pt;font-family:\"Times New Roman\",\"serif\"\"><span style=\"font-size: medium;\"><span style=\"font-family: \"Times New Roman\";\">&#8220;Date riflessione, date importanza all&#8217;annunzio della Nativit\u00e0 del Signore nostro Ges\u00f9 Cristo&#8221;. \u00c8 l&#8217;invito di mons. Giorgio Demetrio Gallaro, eparca di Piana degli Albanesi, nel messaggio del Santo Natale 2016. Scrivendo ai &#8220;diletti fratelli e sorelle di Piana degli Albanesi&#8221;, il presule invita a &#8220;trasalire di nuova meraviglia e di gioia&#8221; perch\u00e9 &#8220;ciascuno di noi pu\u00f2 dire, deve dire: &#8216;E&#8217; venuto per me!&#8217; (Galati 2,20). Per me! Che nessuno pensi d&#8217;avere celebrato bene il Natale &#8211; prosegue mons. Gallaro -, se non s&#8217;\u00e8 sentito investito e quasi folgorato da questa sempre nuova scoperta: Egli \u00e8 venuto per me! L&#8217;amore di Cristo di colpisce e m&#8217;incalza (2 Corinti 5 ,14); ciascuno deve dire e sentire in se stesso: io, io sono amato da Cristo! Chi sperimenta in qualche misura questa inebriante verit\u00e0 natalizia sentir\u00e0 nascere nel proprio cuore un canto spontaneo, il canto di questa festivit\u00e0: Gloria a Dio! E pace in terra! Un canto d&#8217;amore divino, il canto si Natale&#8221;. [01]<\/span><\/span><o:p><\/o:p><\/span><\/div>\n","protected":false},"excerpt":{"rendered":"","protected":false},"author":1,"featured_media":0,"comment_status":"open","ping_status":"open","sticky":false,"template":"","format":"standard","meta":[],"categories":[30],"tags":[],"news-destination":[],"news-source":[],"is_homepage":[],"ta_other":[],"_links":{"self":[{"href":"https:\/\/www.chiesedisicilia.org\/chiesedisicilia\/news\/wp-json\/wp\/v2\/posts\/4070"}],"collection":[{"href":"https:\/\/www.chiesedisicilia.org\/chiesedisicilia\/news\/wp-json\/wp\/v2\/posts"}],"about":[{"href":"https:\/\/www.chiesedisicilia.org\/chiesedisicilia\/news\/wp-json\/wp\/v2\/types\/post"}],"author":[{"embeddable":true,"href":"https:\/\/www.chiesedisicilia.org\/chiesedisicilia\/news\/wp-json\/wp\/v2\/users\/1"}],"replies":[{"embeddable":true,"href":"https:\/\/www.chiesedisicilia.org\/chiesedisicilia\/news\/wp-json\/wp\/v2\/comments?post=4070"}],"version-history":[{"count":1,"href":"https:\/\/www.chiesedisicilia.org\/chiesedisicilia\/news\/wp-json\/wp\/v2\/posts\/4070\/revisions"}],"predecessor-version":[{"id":22539,"href":"https:\/\/www.chiesedisicilia.org\/chiesedisicilia\/news\/wp-json\/wp\/v2\/posts\/4070\/revisions\/22539"}],"wp:attachment":[{"href":"https:\/\/www.chiesedisicilia.org\/chiesedisicilia\/news\/wp-json\/wp\/v2\/media?parent=4070"}],"wp:term":[{"taxonomy":"category","embeddable":true,"href":"https:\/\/www.chiesedisicilia.org\/chiesedisicilia\/news\/wp-json\/wp\/v2\/categories?post=4070"},{"taxonomy":"post_tag","embeddable":true,"href":"https:\/\/www.chiesedisicilia.org\/chiesedisicilia\/news\/wp-json\/wp\/v2\/tags?post=4070"},{"taxonomy":"news-destination","embeddable":true,"href":"https:\/\/www.chiesedisicilia.org\/chiesedisicilia\/news\/wp-json\/wp\/v2\/news-destination?post=4070"},{"taxonomy":"news-source","embeddable":true,"href":"https:\/\/www.chiesedisicilia.org\/chiesedisicilia\/news\/wp-json\/wp\/v2\/news-source?post=4070"},{"taxonomy":"is_homepage","embeddable":true,"href":"https:\/\/www.chiesedisicilia.org\/chiesedisicilia\/news\/wp-json\/wp\/v2\/is_homepage?post=4070"},{"taxonomy":"ta_other","embeddable":true,"href":"https:\/\/www.chiesedisicilia.org\/chiesedisicilia\/news\/wp-json\/wp\/v2\/ta_other?post=4070"}],"curies":[{"name":"wp","href":"https:\/\/api.w.org\/{rel}","templated":true}]}}