{"id":3988,"date":"2018-05-02T20:08:00","date_gmt":"2018-05-02T18:08:00","guid":{"rendered":"http:\/\/wptestsite.tecnavia.com\/chiesedisicilia_clientsite\/news\/2018\/05\/02\/palermo-padre-puglisi-sia-patrono-della-citta-metropolitana-2\/"},"modified":"2018-11-12T07:58:35","modified_gmt":"2018-01-16T07:58:35","slug":"palermo-padre-puglisi-sia-patrono-della-citta-metropolitana-2","status":"publish","type":"post","link":"https:\/\/www.chiesedisicilia.org\/2018\/05\/02\/palermo-padre-puglisi-sia-patrono-della-citta-metropolitana-2\/","title":{"rendered":"PALERMO. &#8220;PADRE PUGLISI SIA PATRONO DELLA CITTA&#8217; METROPOLITANA&#8221;"},"content":{"rendered":"<div><span style=\"font-size: 12pt; font-family: \"Times New Roman\", serif; background-image: initial; background-position: initial; background-size: initial; background-repeat: initial; background-attachment: initial; background-origin: initial; background-clip: initial;\"><span style=\"font-size: medium;\"><span style=\"font-family: \"Times New Roman\";\">Nell&#8217;udienza del mercoled\u00ec del 2 maggio 2018, a Citt\u00e0 del Vaticano, il Papa ha ricordato, tra gli altri, i 2mila pellegrini della citt\u00e0 di Palermo, accompagnati dal loro arcivescovo mons. Corrado Lorefice. \u201cIncoraggio tutti ad essere fedeli a Cristo, fonte della nostra speranza, per far risplendere dappertutto la gioia del Vangelo\u201d \u00e8 stato l\u2019invito del Pontefice.<\/span><\/span><o:p><\/o:p><\/span><\/div>\n<div><span style=\"font-size: medium;\"><span style=\"font-family: \"Times New Roman\";\"><span style=\"background-image: initial; background-position: initial; background-size: initial; background-repeat: initial; background-attachment: initial; background-origin: initial; background-clip: initial;\">Al termine dell\u2019udienza generale, il saluto del sindaco Leoluca Orlando al Papa Francesco. Il primo cittadino del capoluogo siciliano con una delegazione di amministratori della citt\u00e0 e della citt\u00e0 metropolitana ha donato al Santo Padre una medaglia ricordo di Palermo con la frase di don Pino Puglisi\u00a0\u201cSe ognuno fa qualcosa, allora si pu\u00f2 fare molto\u201d, manifestando l\u2019auspicio che proprio \u201cpadre Puglisi possa essere patrono della citt\u00e0 metropolitana di Palermo accanto ai santi patroni delle singole citt\u00e0 dell\u2019area metropolitana\u201d. \u201cPapa Francesco\u00a0\u2013 si legge in una nota del Comune di Palermo \u2013 ha manifestato il proprio apprezzamento, esprimendo il desiderio che quanto prima si possa avviare il necessario percorso\u201d. Il sindaco si \u00e8 poi soffermato con il Papa sul tema dell\u2019accoglienza dei migranti e del dialogo tra le culture, ricordando la figura di san Benedetto il Moro, compatrono di Palermo, \u201cla cui esperienza di figlio di schiavi ci ricorda e ci richiama all\u2019impegno quotidiano contro ogni forma di violenza e sopruso e per il diritto alla libera mobilit\u00e0 come diritto umano fondamentale\u201d. [01]<\/span><\/span><\/span><o:p><\/o:p><\/div>\n","protected":false},"excerpt":{"rendered":"","protected":false},"author":1,"featured_media":0,"comment_status":"open","ping_status":"open","sticky":false,"template":"","format":"standard","meta":[],"categories":[30],"tags":[],"news-destination":[],"news-source":[],"is_homepage":[],"ta_other":[],"_links":{"self":[{"href":"https:\/\/www.chiesedisicilia.org\/chiesedisicilia\/news\/wp-json\/wp\/v2\/posts\/3988"}],"collection":[{"href":"https:\/\/www.chiesedisicilia.org\/chiesedisicilia\/news\/wp-json\/wp\/v2\/posts"}],"about":[{"href":"https:\/\/www.chiesedisicilia.org\/chiesedisicilia\/news\/wp-json\/wp\/v2\/types\/post"}],"author":[{"embeddable":true,"href":"https:\/\/www.chiesedisicilia.org\/chiesedisicilia\/news\/wp-json\/wp\/v2\/users\/1"}],"replies":[{"embeddable":true,"href":"https:\/\/www.chiesedisicilia.org\/chiesedisicilia\/news\/wp-json\/wp\/v2\/comments?post=3988"}],"version-history":[{"count":1,"href":"https:\/\/www.chiesedisicilia.org\/chiesedisicilia\/news\/wp-json\/wp\/v2\/posts\/3988\/revisions"}],"predecessor-version":[{"id":22464,"href":"https:\/\/www.chiesedisicilia.org\/chiesedisicilia\/news\/wp-json\/wp\/v2\/posts\/3988\/revisions\/22464"}],"wp:attachment":[{"href":"https:\/\/www.chiesedisicilia.org\/chiesedisicilia\/news\/wp-json\/wp\/v2\/media?parent=3988"}],"wp:term":[{"taxonomy":"category","embeddable":true,"href":"https:\/\/www.chiesedisicilia.org\/chiesedisicilia\/news\/wp-json\/wp\/v2\/categories?post=3988"},{"taxonomy":"post_tag","embeddable":true,"href":"https:\/\/www.chiesedisicilia.org\/chiesedisicilia\/news\/wp-json\/wp\/v2\/tags?post=3988"},{"taxonomy":"news-destination","embeddable":true,"href":"https:\/\/www.chiesedisicilia.org\/chiesedisicilia\/news\/wp-json\/wp\/v2\/news-destination?post=3988"},{"taxonomy":"news-source","embeddable":true,"href":"https:\/\/www.chiesedisicilia.org\/chiesedisicilia\/news\/wp-json\/wp\/v2\/news-source?post=3988"},{"taxonomy":"is_homepage","embeddable":true,"href":"https:\/\/www.chiesedisicilia.org\/chiesedisicilia\/news\/wp-json\/wp\/v2\/is_homepage?post=3988"},{"taxonomy":"ta_other","embeddable":true,"href":"https:\/\/www.chiesedisicilia.org\/chiesedisicilia\/news\/wp-json\/wp\/v2\/ta_other?post=3988"}],"curies":[{"name":"wp","href":"https:\/\/api.w.org\/{rel}","templated":true}]}}