{"id":3971,"date":"2018-03-21T12:13:00","date_gmt":"2018-03-21T11:13:00","guid":{"rendered":"http:\/\/wptestsite.tecnavia.com\/chiesedisicilia_clientsite\/news\/2018\/03\/21\/palermo-catechesi-inclusiva-e-disabilita-motorie-2\/"},"modified":"2018-11-12T07:58:31","modified_gmt":"2018-01-16T07:58:31","slug":"palermo-catechesi-inclusiva-e-disabilita-motorie-2","status":"publish","type":"post","link":"https:\/\/www.chiesedisicilia.org\/2018\/03\/21\/palermo-catechesi-inclusiva-e-disabilita-motorie-2\/","title":{"rendered":"PALERMO. CATECHESI INCLUSIVA E DISABILIT\u00c0 MOTORIE"},"content":{"rendered":"<div><span style=\"font-size:12.0pt;font-family:\"Times New Roman\",\"serif\";\nmso-fareast-font-family:\"Open Sans\"\"><span style=\"font-size: medium;\"><span style=\"font-family: \"Times New Roman\";\">Si svolger\u00e0 il 10 aprile 2018, dalle ore 15.30 alle 19.30, presso la Comunit\u00e0 delle Ancelle del Sacro Cuore di Ges\u00f9, a Palermo, l\u2019incontro formativo su \u201cCatechesi inclusiva e disabilit\u00e0 motorie\u201d aperto a tutti i referenti parrocchiali e ai catechisti sensibili all&#8217;argomento.<\/span><\/span><o:p><\/o:p><\/span><\/div>\n<div><span style=\"font-size: medium;\"><span style=\"font-family: \"Times New Roman\";\">Il programma del pomeriggio di formazione \u00e8 il seguente:<\/span><\/span><span style=\"font-size:12.0pt;font-family:\"Times New Roman\",\"serif\";\nmso-fareast-font-family:\"Open Sans\"\"><o:p><\/o:p><\/span><\/div>\n<div><span style=\"font-size: medium;\"><span style=\"font-family: \"Times New Roman\";\">ore 15.30: Arrivo e registrazione dei partecipanti.<\/span><\/span><span style=\"font-size:12.0pt;font-family:\"Times New Roman\",\"serif\";\nmso-fareast-font-family:\"Open Sans\"\"><o:p><\/o:p><\/span><\/div>\n<div><span style=\"font-size: medium;\"><span style=\"font-family: \"Times New Roman\";\">ore 16.00:\u00a0&#8220;Disabilit\u00e0 motorie: un profilo&#8221;.\u00a0Intervento di Angelo Vecchio, neuropsichiatra infantile, componente direttivo Servizio Pastorale disabili della Diocesi di Palermo <\/span><\/span><span style=\"font-size:12.0pt;font-family:\"Times New Roman\",\"serif\";\nmso-fareast-font-family:\"Open Sans\"\"><o:p><\/o:p><\/span><\/div>\n<div><span style=\"font-size: medium;\"><span style=\"font-family: \"Times New Roman\";\">Ore 17.00:\u00a0&#8220;Attivit\u00e0 motorie e Disabilit\u00e0&#8221;. Intervento di Giuseppe Battaglia, Docente di metodi e didattica delle attivit\u00e0 sportive, Universit\u00e0 degli Studi di Palermo <\/span><\/span><span style=\"font-size:12.0pt;font-family:\"Times New Roman\",\"serif\";\nmso-fareast-font-family:\"Open Sans\"\"><o:p><\/o:p><\/span><\/div>\n<div><span style=\"font-size: medium;\"><span style=\"font-family: \"Times New Roman\";\">Ore 18.00: Pausa<\/span><\/span><span style=\"font-size:12.0pt;font-family:\"Times New Roman\",\"serif\";\nmso-fareast-font-family:\"Open Sans\"\"><o:p><\/o:p><\/span><\/div>\n<div><span style=\"font-size: medium;\"><span style=\"font-family: \"Times New Roman\";\">Ore 18.15: &#8220;Catechesi\u00a0e Disabilit\u00e0 motorie&#8221;, Interventi dell&#8217;Equipe Settore per la catechesi delle persone disabili \u2013 Palermo<\/span><\/span><span style=\"font-size:12.0pt;font-family:\"Times New Roman\",\"serif\";\nmso-fareast-font-family:\"Open Sans\"\"><o:p><\/o:p><\/span><\/div>\n<div><span style=\"font-size: medium;\"><span style=\"font-family: \"Times New Roman\";\">Ore 19.30 : Conclusione dei lavori. [01]<\/span><\/span><span style=\"font-size:12.0pt;font-family:\"Times New Roman\",\"serif\";\nmso-fareast-font-family:\"Open Sans\"\"><o:p><\/o:p><\/span><\/div>\n","protected":false},"excerpt":{"rendered":"","protected":false},"author":1,"featured_media":0,"comment_status":"open","ping_status":"open","sticky":false,"template":"","format":"standard","meta":[],"categories":[30],"tags":[],"news-destination":[],"news-source":[],"is_homepage":[],"ta_other":[],"_links":{"self":[{"href":"https:\/\/www.chiesedisicilia.org\/chiesedisicilia\/news\/wp-json\/wp\/v2\/posts\/3971"}],"collection":[{"href":"https:\/\/www.chiesedisicilia.org\/chiesedisicilia\/news\/wp-json\/wp\/v2\/posts"}],"about":[{"href":"https:\/\/www.chiesedisicilia.org\/chiesedisicilia\/news\/wp-json\/wp\/v2\/types\/post"}],"author":[{"embeddable":true,"href":"https:\/\/www.chiesedisicilia.org\/chiesedisicilia\/news\/wp-json\/wp\/v2\/users\/1"}],"replies":[{"embeddable":true,"href":"https:\/\/www.chiesedisicilia.org\/chiesedisicilia\/news\/wp-json\/wp\/v2\/comments?post=3971"}],"version-history":[{"count":1,"href":"https:\/\/www.chiesedisicilia.org\/chiesedisicilia\/news\/wp-json\/wp\/v2\/posts\/3971\/revisions"}],"predecessor-version":[{"id":22447,"href":"https:\/\/www.chiesedisicilia.org\/chiesedisicilia\/news\/wp-json\/wp\/v2\/posts\/3971\/revisions\/22447"}],"wp:attachment":[{"href":"https:\/\/www.chiesedisicilia.org\/chiesedisicilia\/news\/wp-json\/wp\/v2\/media?parent=3971"}],"wp:term":[{"taxonomy":"category","embeddable":true,"href":"https:\/\/www.chiesedisicilia.org\/chiesedisicilia\/news\/wp-json\/wp\/v2\/categories?post=3971"},{"taxonomy":"post_tag","embeddable":true,"href":"https:\/\/www.chiesedisicilia.org\/chiesedisicilia\/news\/wp-json\/wp\/v2\/tags?post=3971"},{"taxonomy":"news-destination","embeddable":true,"href":"https:\/\/www.chiesedisicilia.org\/chiesedisicilia\/news\/wp-json\/wp\/v2\/news-destination?post=3971"},{"taxonomy":"news-source","embeddable":true,"href":"https:\/\/www.chiesedisicilia.org\/chiesedisicilia\/news\/wp-json\/wp\/v2\/news-source?post=3971"},{"taxonomy":"is_homepage","embeddable":true,"href":"https:\/\/www.chiesedisicilia.org\/chiesedisicilia\/news\/wp-json\/wp\/v2\/is_homepage?post=3971"},{"taxonomy":"ta_other","embeddable":true,"href":"https:\/\/www.chiesedisicilia.org\/chiesedisicilia\/news\/wp-json\/wp\/v2\/ta_other?post=3971"}],"curies":[{"name":"wp","href":"https:\/\/api.w.org\/{rel}","templated":true}]}}