{"id":3969,"date":"2018-03-21T11:58:00","date_gmt":"2018-03-21T10:58:00","guid":{"rendered":"http:\/\/wptestsite.tecnavia.com\/chiesedisicilia_clientsite\/news\/2018\/03\/21\/palermo-assemblea-diocesana-dare-risposte-alla-domanda-di-umanita\/"},"modified":"2018-11-12T07:58:31","modified_gmt":"2018-01-16T07:58:31","slug":"palermo-assemblea-diocesana-dare-risposte-alla-domanda-di-umanita","status":"publish","type":"post","link":"https:\/\/www.chiesedisicilia.org\/2018\/03\/21\/palermo-assemblea-diocesana-dare-risposte-alla-domanda-di-umanita\/","title":{"rendered":"PALERMO. ASSEMBLEA DIOCESANA: \u201cDARE RISPOSTE ALLA DOMANDA DI UMANITA&#8217;\u201d"},"content":{"rendered":"<p class=\"MsoNoSpacing\"><span style=\"font-size: 12pt; font-family: \"Times New Roman\", serif; background-image: initial; background-position: initial; background-size: initial; background-repeat: initial; background-attachment: initial; background-origin: initial; background-clip: initial;\">\u201cOggi c\u2019\u00e8 una domanda di umanit\u00e0 alla quale dare risposte e questa \u00e8 una strada da percorrere, perch\u00e9 il cristianesimo e il Vangelo accolto nella vita di una comunit\u00e0 feconda il nostro modo di pensare, le nostre scelte, in una dimensione umana, di bellezza, di vita e di luce\u201d. Lo ha detto l\u2019arcivescovo di Palermo, mons. Corrado Lorefice, durante l\u2019assemblea diocesana convocata marted\u00ec 20 marzo 2018, per riflettere sulla lettera pastorale \u201cScrivo a voi padri, scrivo a voi figli\u201d. Il presule ha invitato i fedeli che si sono ritrovati nella chiesa dedicata a Maria Santissima Mediatrice a non chiudersi al \u201ccammino umano\u201d, \u201canche se pu\u00f2 presentare segni di difficolt\u00e0\u201d. \u201cCome ci ricorda Papa Francesco, dobbiamo condividere un Vangelo che rende la nostra vita gioiosa\u201d, ha aggiunto. Centro della riflessione del vescovo una considerazione: \u201cLa Chiesa cresce nella misura in cui insieme ascoltiamo la Parola di Dio\u201d, partendo dalla convinzione che \u201cla Parola pu\u00f2 darci una rinnovata luce grazie alla gioia del Vangelo che ci ha raggiunti e ci chiede di osarne la condivisione\u201d, \u201cmotivo di trasfigurazione delle gioie umane\u201d. Nella mattinata l\u2019arcivescovo assieme a Enzo Bianchi, fondatore della Comunit\u00e0 di Bose, ha incontrato seminaristi e formatori. Un\u2019occasione per \u201caccompagnare cuori che debbono essere fecondati dalla Parola, perch\u00e9 maturino una passione che, grazie al Vangelo, pu\u00f2 fecondare la vita di questo tempo\u201d. [01]<o:p><\/o:p><\/span><\/p>\n","protected":false},"excerpt":{"rendered":"","protected":false},"author":1,"featured_media":0,"comment_status":"open","ping_status":"open","sticky":false,"template":"","format":"standard","meta":[],"categories":[30],"tags":[],"news-destination":[],"news-source":[],"is_homepage":[],"ta_other":[],"_links":{"self":[{"href":"https:\/\/www.chiesedisicilia.org\/chiesedisicilia\/news\/wp-json\/wp\/v2\/posts\/3969"}],"collection":[{"href":"https:\/\/www.chiesedisicilia.org\/chiesedisicilia\/news\/wp-json\/wp\/v2\/posts"}],"about":[{"href":"https:\/\/www.chiesedisicilia.org\/chiesedisicilia\/news\/wp-json\/wp\/v2\/types\/post"}],"author":[{"embeddable":true,"href":"https:\/\/www.chiesedisicilia.org\/chiesedisicilia\/news\/wp-json\/wp\/v2\/users\/1"}],"replies":[{"embeddable":true,"href":"https:\/\/www.chiesedisicilia.org\/chiesedisicilia\/news\/wp-json\/wp\/v2\/comments?post=3969"}],"version-history":[{"count":1,"href":"https:\/\/www.chiesedisicilia.org\/chiesedisicilia\/news\/wp-json\/wp\/v2\/posts\/3969\/revisions"}],"predecessor-version":[{"id":22441,"href":"https:\/\/www.chiesedisicilia.org\/chiesedisicilia\/news\/wp-json\/wp\/v2\/posts\/3969\/revisions\/22441"}],"wp:attachment":[{"href":"https:\/\/www.chiesedisicilia.org\/chiesedisicilia\/news\/wp-json\/wp\/v2\/media?parent=3969"}],"wp:term":[{"taxonomy":"category","embeddable":true,"href":"https:\/\/www.chiesedisicilia.org\/chiesedisicilia\/news\/wp-json\/wp\/v2\/categories?post=3969"},{"taxonomy":"post_tag","embeddable":true,"href":"https:\/\/www.chiesedisicilia.org\/chiesedisicilia\/news\/wp-json\/wp\/v2\/tags?post=3969"},{"taxonomy":"news-destination","embeddable":true,"href":"https:\/\/www.chiesedisicilia.org\/chiesedisicilia\/news\/wp-json\/wp\/v2\/news-destination?post=3969"},{"taxonomy":"news-source","embeddable":true,"href":"https:\/\/www.chiesedisicilia.org\/chiesedisicilia\/news\/wp-json\/wp\/v2\/news-source?post=3969"},{"taxonomy":"is_homepage","embeddable":true,"href":"https:\/\/www.chiesedisicilia.org\/chiesedisicilia\/news\/wp-json\/wp\/v2\/is_homepage?post=3969"},{"taxonomy":"ta_other","embeddable":true,"href":"https:\/\/www.chiesedisicilia.org\/chiesedisicilia\/news\/wp-json\/wp\/v2\/ta_other?post=3969"}],"curies":[{"name":"wp","href":"https:\/\/api.w.org\/{rel}","templated":true}]}}