{"id":3940,"date":"2017-12-14T12:36:00","date_gmt":"2017-12-14T11:36:00","guid":{"rendered":"http:\/\/wptestsite.tecnavia.com\/chiesedisicilia_clientsite\/news\/2017\/12\/14\/palermo-pastorale-giovanile-a-pregare-simpara-pregando\/"},"modified":"2018-11-12T07:58:31","modified_gmt":"2018-01-16T07:58:31","slug":"palermo-pastorale-giovanile-a-pregare-simpara-pregando","status":"publish","type":"post","link":"https:\/\/www.chiesedisicilia.org\/2017\/12\/14\/palermo-pastorale-giovanile-a-pregare-simpara-pregando\/","title":{"rendered":"PALERMO. PASTORALE GIOVANILE: \u201cA PREGARE S\u2019IMPARA PREGANDO\u201d"},"content":{"rendered":"<div><span style=\"font-size: medium;\"><span style=\"font-family: \"Times New Roman\";\"><span style=\"line-height: 115%; background-image: initial; background-position: initial; background-size: initial; background-repeat: initial; background-attachment: initial; background-origin: initial; background-clip: initial;\">Il Servizio diocesano per la Pastorale giovanile organizza una Scuola di preghiera che prevede una serie di incontri sul tema: \u201cA pregare s\u2019impara pregando\u201d. Gli incontri si svolgono da dicembre 2017 a maggio 2018, dalle ore 21 alle 22.30, presso la parrocchia di Maria Santissima Mediatrice, a Palermo.<\/span><span style=\"line-height: 115%;\"><br \/> <span style=\"background-image: initial; background-position: initial; background-size: initial; background-repeat: initial; background-attachment: initial; background-origin: initial; background-clip: initial;\">Programma:<\/span><br \/> <span style=\"background-image: initial; background-position: initial; background-size: initial; background-repeat: initial; background-attachment: initial; background-origin: initial; background-clip: initial;\">12 dicembre 2017 \u2013 \u201cRacconta come preghi e scoprirai in che Dio credi\u201d<\/span><br \/> <span style=\"background-image: initial; background-position: initial; background-size: initial; background-repeat: initial; background-attachment: initial; background-origin: initial; background-clip: initial;\">19 gennaio 2018 \u2013 \u201cPregare \u00e8 svegliarsi davanti a Dio\u201d<\/span><br \/> <span style=\"background-image: initial; background-position: initial; background-size: initial; background-repeat: initial; background-attachment: initial; background-origin: initial; background-clip: initial;\">13 febbraio 2018 \u2013 \u201cPregare \u00e8 scoprire la vera immagine di Dio: lui si interessa della mia vita\u201d<\/span><br \/> <span style=\"background-image: initial; background-position: initial; background-size: initial; background-repeat: initial; background-attachment: initial; background-origin: initial; background-clip: initial;\">13 marzo 2018 \u2013 \u201cPregare \u00e8 ricordarmi che ho bisogno di Lui e non ricordare a Lui ci\u00f2 di cui ho bisogno\u201d<\/span><br \/> <span style=\"background-image: initial; background-position: initial; background-size: initial; background-repeat: initial; background-attachment: initial; background-origin: initial; background-clip: initial;\">10 aprile 2018 \u2013 \u201cPregare \u00e8 assimilare nella nostra vita ci\u00f2 che Ges\u00f9 ha vissuto nella sua vita\u201d<\/span><br \/> <span style=\"background-image: initial; background-position: initial; background-size: initial; background-repeat: initial; background-attachment: initial; background-origin: initial; background-clip: initial;\">8 maggio 2018 \u2013 \u201cPregare \u00e8 vivere una storia due: la sua intrecciata alla mia\u201d<\/span><\/span><span style=\"line-height: 115%; background-image: initial; background-position: initial; background-size: initial; background-repeat: initial; background-attachment: initial; background-origin: initial; background-clip: initial;\"> [01]<\/span><\/span><\/span><\/div>\n","protected":false},"excerpt":{"rendered":"","protected":false},"author":1,"featured_media":0,"comment_status":"open","ping_status":"open","sticky":false,"template":"","format":"standard","meta":[],"categories":[30],"tags":[],"news-destination":[],"news-source":[],"is_homepage":[],"ta_other":[],"_links":{"self":[{"href":"https:\/\/www.chiesedisicilia.org\/chiesedisicilia\/news\/wp-json\/wp\/v2\/posts\/3940"}],"collection":[{"href":"https:\/\/www.chiesedisicilia.org\/chiesedisicilia\/news\/wp-json\/wp\/v2\/posts"}],"about":[{"href":"https:\/\/www.chiesedisicilia.org\/chiesedisicilia\/news\/wp-json\/wp\/v2\/types\/post"}],"author":[{"embeddable":true,"href":"https:\/\/www.chiesedisicilia.org\/chiesedisicilia\/news\/wp-json\/wp\/v2\/users\/1"}],"replies":[{"embeddable":true,"href":"https:\/\/www.chiesedisicilia.org\/chiesedisicilia\/news\/wp-json\/wp\/v2\/comments?post=3940"}],"version-history":[{"count":1,"href":"https:\/\/www.chiesedisicilia.org\/chiesedisicilia\/news\/wp-json\/wp\/v2\/posts\/3940\/revisions"}],"predecessor-version":[{"id":22412,"href":"https:\/\/www.chiesedisicilia.org\/chiesedisicilia\/news\/wp-json\/wp\/v2\/posts\/3940\/revisions\/22412"}],"wp:attachment":[{"href":"https:\/\/www.chiesedisicilia.org\/chiesedisicilia\/news\/wp-json\/wp\/v2\/media?parent=3940"}],"wp:term":[{"taxonomy":"category","embeddable":true,"href":"https:\/\/www.chiesedisicilia.org\/chiesedisicilia\/news\/wp-json\/wp\/v2\/categories?post=3940"},{"taxonomy":"post_tag","embeddable":true,"href":"https:\/\/www.chiesedisicilia.org\/chiesedisicilia\/news\/wp-json\/wp\/v2\/tags?post=3940"},{"taxonomy":"news-destination","embeddable":true,"href":"https:\/\/www.chiesedisicilia.org\/chiesedisicilia\/news\/wp-json\/wp\/v2\/news-destination?post=3940"},{"taxonomy":"news-source","embeddable":true,"href":"https:\/\/www.chiesedisicilia.org\/chiesedisicilia\/news\/wp-json\/wp\/v2\/news-source?post=3940"},{"taxonomy":"is_homepage","embeddable":true,"href":"https:\/\/www.chiesedisicilia.org\/chiesedisicilia\/news\/wp-json\/wp\/v2\/is_homepage?post=3940"},{"taxonomy":"ta_other","embeddable":true,"href":"https:\/\/www.chiesedisicilia.org\/chiesedisicilia\/news\/wp-json\/wp\/v2\/ta_other?post=3940"}],"curies":[{"name":"wp","href":"https:\/\/api.w.org\/{rel}","templated":true}]}}