{"id":3903,"date":"2017-06-22T12:47:00","date_gmt":"2017-06-22T10:47:00","guid":{"rendered":"http:\/\/wptestsite.tecnavia.com\/chiesedisicilia_clientsite\/news\/2017\/06\/22\/palermo-opus-dei-celebrazione-in-cattedrale\/"},"modified":"2018-11-12T07:58:31","modified_gmt":"2018-01-16T07:58:31","slug":"palermo-opus-dei-celebrazione-in-cattedrale","status":"publish","type":"post","link":"https:\/\/www.chiesedisicilia.org\/2017\/06\/22\/palermo-opus-dei-celebrazione-in-cattedrale\/","title":{"rendered":"PALERMO. OPUS DEI: CELEBRAZIONE IN CATTEDRALE"},"content":{"rendered":"<div><span style=\"font-size:12.0pt;line-height:115%;\nfont-family:\"Times New Roman\",\"serif\";mso-fareast-font-family:\"Times New Roman\";\nmso-ansi-language:IT;mso-fareast-language:IT;mso-bidi-language:AR-SA\"><span style=\"font-size: medium;\"><span style=\"font-family: \"Times New Roman\";\">&#8220;Per ringraziare Dio dei frutti di santit\u00e0 che quotidianamente dona alle anime&#8221;, ogni anno in occasione del dies natalis di san Josemar\u00eda Escriv\u00e1, il 26 giugno, giorno della memoria liturgica del fondatore dell\u2019Opus Dei, vengono celebrate Messe in varie parrocchie della diocesi di Palermo. La concelebrazione solenne in Cattedrale sar\u00e0 invece marted\u00ec 27 giugno e sar\u00e0 presieduta dall&#8217;arcivescovo mons. Corrado Lorefice, alle ore 19.<br \/> \u201cC&#8217;\u00e8 un qualcosa di santo, di divino, nascosto nelle situazioni pi\u00f9 comuni, qualcosa che tocca a ognuno di voi scoprire\u201d diceva san Josemar\u00edaparlando della sua chiamata alla santit\u00e0 nella vita di tutti i giorni rivolta a ogni donna e a ogni uomo. Con piena fedelt\u00e0 al carisma ricevuto e grande unit\u00e0 con il proprio vescovo e con i pontefici, san Josemar\u00eda ha lavorato con tenacia fino all\u2019ultimo giorno della sua vita per diffondere la fede vissuta nelle circostanze ordinarie di ciascuno, con gioia ed esigenza. Alla sua morte, spinti dal suo zelo apostolico, i fedeli dell\u2019Opera avevano portato la gioia del Vangelo in pi\u00f9 di sessanta paesi dei cinque continenti. Ancora oggi le attivit\u00e0 di formazione dell\u2019Opus Dei aiutano uomini e donne di ogni condizione sociale e di ogni cultura a cercare Dio nelle circostanze pi\u00f9 ordinarie della vita e a mettere in pratica quello che papa Francesco chiede nella Evangelii gaudium (n. 3) a tutti i fedeli cristiani: \u00abInvito ogni cristiano, in qualsiasi luogo e situazione si trovi, a rinnovare oggi stesso il suo incontro personale con Ges\u00f9 Cristo o, almeno, a prendere la decisione di lasciarsi incontrare da Lui, di cercarlo ogni giorno senza sosta\u00bb.<br \/> Sono una dozzina i fedeli dell\u2019Opus Dei, laici e sacerdoti di diverse parti del mondo, per i quali \u00e8 in corso il processo di canonizzazione, alcuni dei quali sono gi\u00e0 stati proclamati venerabili.[01]<\/span><\/span><\/span><\/div>\n","protected":false},"excerpt":{"rendered":"","protected":false},"author":1,"featured_media":0,"comment_status":"open","ping_status":"open","sticky":false,"template":"","format":"standard","meta":[],"categories":[30],"tags":[],"news-destination":[],"news-source":[],"is_homepage":[],"ta_other":[],"_links":{"self":[{"href":"https:\/\/www.chiesedisicilia.org\/chiesedisicilia\/news\/wp-json\/wp\/v2\/posts\/3903"}],"collection":[{"href":"https:\/\/www.chiesedisicilia.org\/chiesedisicilia\/news\/wp-json\/wp\/v2\/posts"}],"about":[{"href":"https:\/\/www.chiesedisicilia.org\/chiesedisicilia\/news\/wp-json\/wp\/v2\/types\/post"}],"author":[{"embeddable":true,"href":"https:\/\/www.chiesedisicilia.org\/chiesedisicilia\/news\/wp-json\/wp\/v2\/users\/1"}],"replies":[{"embeddable":true,"href":"https:\/\/www.chiesedisicilia.org\/chiesedisicilia\/news\/wp-json\/wp\/v2\/comments?post=3903"}],"version-history":[{"count":1,"href":"https:\/\/www.chiesedisicilia.org\/chiesedisicilia\/news\/wp-json\/wp\/v2\/posts\/3903\/revisions"}],"predecessor-version":[{"id":22380,"href":"https:\/\/www.chiesedisicilia.org\/chiesedisicilia\/news\/wp-json\/wp\/v2\/posts\/3903\/revisions\/22380"}],"wp:attachment":[{"href":"https:\/\/www.chiesedisicilia.org\/chiesedisicilia\/news\/wp-json\/wp\/v2\/media?parent=3903"}],"wp:term":[{"taxonomy":"category","embeddable":true,"href":"https:\/\/www.chiesedisicilia.org\/chiesedisicilia\/news\/wp-json\/wp\/v2\/categories?post=3903"},{"taxonomy":"post_tag","embeddable":true,"href":"https:\/\/www.chiesedisicilia.org\/chiesedisicilia\/news\/wp-json\/wp\/v2\/tags?post=3903"},{"taxonomy":"news-destination","embeddable":true,"href":"https:\/\/www.chiesedisicilia.org\/chiesedisicilia\/news\/wp-json\/wp\/v2\/news-destination?post=3903"},{"taxonomy":"news-source","embeddable":true,"href":"https:\/\/www.chiesedisicilia.org\/chiesedisicilia\/news\/wp-json\/wp\/v2\/news-source?post=3903"},{"taxonomy":"is_homepage","embeddable":true,"href":"https:\/\/www.chiesedisicilia.org\/chiesedisicilia\/news\/wp-json\/wp\/v2\/is_homepage?post=3903"},{"taxonomy":"ta_other","embeddable":true,"href":"https:\/\/www.chiesedisicilia.org\/chiesedisicilia\/news\/wp-json\/wp\/v2\/ta_other?post=3903"}],"curies":[{"name":"wp","href":"https:\/\/api.w.org\/{rel}","templated":true}]}}