{"id":3889,"date":"2017-05-18T12:42:00","date_gmt":"2017-05-18T10:42:00","guid":{"rendered":"http:\/\/wptestsite.tecnavia.com\/chiesedisicilia_clientsite\/news\/2017\/05\/18\/palermo-i-giovani-al-centro-della-riflessione-dei-consigli-pastorale-e-presbiterale\/"},"modified":"2018-11-12T07:58:31","modified_gmt":"2018-01-16T07:58:31","slug":"palermo-i-giovani-al-centro-della-riflessione-dei-consigli-pastorale-e-presbiterale","status":"publish","type":"post","link":"https:\/\/www.chiesedisicilia.org\/2017\/05\/18\/palermo-i-giovani-al-centro-della-riflessione-dei-consigli-pastorale-e-presbiterale\/","title":{"rendered":"PALERMO. I GIOVANI AL CENTRO DELLA RIFLESSIONE DEI CONSIGLI PASTORALE E PRESBITERALE"},"content":{"rendered":"<div><span style=\"font-size:12.0pt;font-family:\"Times New Roman\",\"serif\"\"><span style=\"font-size: medium;\"><span style=\"font-family: \"Times New Roman\";\">Nel corso dell&#8217;incontro congiunto dei Consigli pastorale e presbiterale, convocati dall\u2019arcivescovo mons. Corrado Lorefice si \u00e8 parlato di giovani e di come saranno al centro della riflessione della Chiesa, anche locale, nel corso del prossimo anno pastorale. L&#8217;appuntamento, che si \u00e8 svolto a Baida, ha avuto inizio con la lectio dettata da don Antonio Mancuso sulla pericope \u201cIl giovane Ricco\u201d (Mc. 10,17-32), quindi \u00e8 seguita la presentazione del documento preparatorio alla XV Assemblea generale ordinaria del Sinodo dei vescovi su: \u201dI Giovani, fede ed il discernimento vocazionale\u201d. A curarla il docente di Religione Ivan Pitarresi il quale ha rilevato la richiesta dei giovani che chiedono attenzione da parte della Chiesa che, in risposta, si deve porre in ascolto e incontrarli dove essi si trovano per decifrare la realt\u00e0 che vivono.<br \/> Quindi i partecipanti hanno riflettuto sui temi illustrati e si sono impegnati in quattro laboratori su \u201cI giovani e famiglia\u201d, \u201cI giovani e il discernimento vocazionale\u201d, \u201cI giovani e la formazione\u201d e \u201cI giovani e la Chiesa\u201d.<\/span><\/span><o:p><\/o:p><\/span><\/div>\n<div><span style=\"font-size: medium;\"><span style=\"font-family: \"Times New Roman\";\">Il secondo giorno, guidati dall&#8217;intervento del diacono don Saro Cal\u00f2, si \u00e8 riflettuto sulla necessit\u00e0 di realizzare una pastorale missionaria. \u00c8 stato proposto di realizzare tre momenti, come tappa del cammino verso il Sinodo: dal 13 al 18 novembre 2017 il Festival dei giovani, dal 5 al 10 febbraio 2018 il Festival della Fede e dal 14 al 20 maggio 2018 il Festival dei migranti. Come preludio ai festival, il 15 settembre, in occasione del 24\u00b0 anniversario dell\u2019uccisione per mano mafiosa di don Pino Puglisi si svolger\u00e0 una manifestazione su \u201cDon Puglisi e i giovani\u201d e un\u2019assemblea diocesana per interrogarsi su cosa pensano i giovani della Chiesa.<br \/> \u201cAbbiamo vissuto momenti importanti di riflessione \u2013 ha detto l&#8217;arcivescovo mons. Corrado Lorefice al termine dei lavori \u2013 perch\u00e9 abbiamo pregato e fatto strada insieme. In questi due giorni c&#8217;\u00e8 stata una grande ricchezza di spunti di riflessione che ci permette di migliorarci. Quello che \u00e8 emerso &#8211; aggiunge &#8211; \u00e8 che i giovani debbono essere protagonisti della Chiesa e noi dobbiamo ascoltarli e ripensare anche la nostra pastorale. In questa azione non dobbiamo perdere di vista l\u2019opportunit\u00e0 di una sinergia a partire dalla famiglia e creare ponti di comunicazione per raggiungere tutti gli ambiti della diocesi\u201d. [01]<br \/><\/span><\/span><span style=\"font-size: 9pt; font-family: Arial, sans-serif;\"> <!--[if !supportLineBreakNewLine]--><br \/> <!--[endif]--><\/span><\/div>\n","protected":false},"excerpt":{"rendered":"","protected":false},"author":1,"featured_media":0,"comment_status":"open","ping_status":"open","sticky":false,"template":"","format":"standard","meta":[],"categories":[30],"tags":[],"news-destination":[],"news-source":[],"is_homepage":[],"ta_other":[],"_links":{"self":[{"href":"https:\/\/www.chiesedisicilia.org\/chiesedisicilia\/news\/wp-json\/wp\/v2\/posts\/3889"}],"collection":[{"href":"https:\/\/www.chiesedisicilia.org\/chiesedisicilia\/news\/wp-json\/wp\/v2\/posts"}],"about":[{"href":"https:\/\/www.chiesedisicilia.org\/chiesedisicilia\/news\/wp-json\/wp\/v2\/types\/post"}],"author":[{"embeddable":true,"href":"https:\/\/www.chiesedisicilia.org\/chiesedisicilia\/news\/wp-json\/wp\/v2\/users\/1"}],"replies":[{"embeddable":true,"href":"https:\/\/www.chiesedisicilia.org\/chiesedisicilia\/news\/wp-json\/wp\/v2\/comments?post=3889"}],"version-history":[{"count":1,"href":"https:\/\/www.chiesedisicilia.org\/chiesedisicilia\/news\/wp-json\/wp\/v2\/posts\/3889\/revisions"}],"predecessor-version":[{"id":22363,"href":"https:\/\/www.chiesedisicilia.org\/chiesedisicilia\/news\/wp-json\/wp\/v2\/posts\/3889\/revisions\/22363"}],"wp:attachment":[{"href":"https:\/\/www.chiesedisicilia.org\/chiesedisicilia\/news\/wp-json\/wp\/v2\/media?parent=3889"}],"wp:term":[{"taxonomy":"category","embeddable":true,"href":"https:\/\/www.chiesedisicilia.org\/chiesedisicilia\/news\/wp-json\/wp\/v2\/categories?post=3889"},{"taxonomy":"post_tag","embeddable":true,"href":"https:\/\/www.chiesedisicilia.org\/chiesedisicilia\/news\/wp-json\/wp\/v2\/tags?post=3889"},{"taxonomy":"news-destination","embeddable":true,"href":"https:\/\/www.chiesedisicilia.org\/chiesedisicilia\/news\/wp-json\/wp\/v2\/news-destination?post=3889"},{"taxonomy":"news-source","embeddable":true,"href":"https:\/\/www.chiesedisicilia.org\/chiesedisicilia\/news\/wp-json\/wp\/v2\/news-source?post=3889"},{"taxonomy":"is_homepage","embeddable":true,"href":"https:\/\/www.chiesedisicilia.org\/chiesedisicilia\/news\/wp-json\/wp\/v2\/is_homepage?post=3889"},{"taxonomy":"ta_other","embeddable":true,"href":"https:\/\/www.chiesedisicilia.org\/chiesedisicilia\/news\/wp-json\/wp\/v2\/ta_other?post=3889"}],"curies":[{"name":"wp","href":"https:\/\/api.w.org\/{rel}","templated":true}]}}