{"id":3886,"date":"2017-05-18T11:15:00","date_gmt":"2017-05-18T09:15:00","guid":{"rendered":"http:\/\/wptestsite.tecnavia.com\/chiesedisicilia_clientsite\/news\/2017\/05\/18\/palermo-tre-seminaristi-saranno-ammessi-agli-ordini-sacri\/"},"modified":"2018-11-12T07:58:31","modified_gmt":"2018-01-16T07:58:31","slug":"palermo-tre-seminaristi-saranno-ammessi-agli-ordini-sacri","status":"publish","type":"post","link":"https:\/\/www.chiesedisicilia.org\/2017\/05\/18\/palermo-tre-seminaristi-saranno-ammessi-agli-ordini-sacri\/","title":{"rendered":"PALERMO. TRE SEMINARISTI SARANNO AMMESSI AGLI ORDINI SACRI"},"content":{"rendered":"<div><span style=\"font-size: 12pt; line-height: 115%; font-family: \"Times New Roman\", serif;\"><span style=\"font-size: medium;\"><span style=\"font-family: \"Times New Roman\";\">Dopo un periodo di discernimento, tre giovani seminaristi saranno ammessi agli ordini sacri del diaconato e del presbiterato. La celebrazione eucaristica si svolger\u00e0 sabato 13 maggio 2017, alle ore 18, in Cattedrale e sar\u00e0 presieduta dall\u2019arcivescovo mons. Corrado Lorefice.<br \/> Si tratta di Giuseppe India, Gaetano Marsiglia e Salvatore Teresi.<br \/> Giuseppe India \u00e8 un seminarista del terzo anno formativo, ha 25 anni e appartiene alla comunit\u00e0 parrocchiale Immacolata Concezione di Ventimiglia di Sicilia. Diplomato presso l\u2019Istituto statale d\u2019Arte di Palermo, ha proseguito gli studi frequentando l\u2019Accademia delle Belle Arti. Nel 2013 ha maturato il desiderio di intraprendere il cammino di formazione verso il sacerdozio ministeriale, interrompendo gli studi e chiedendo di essere ammesso nella comunit\u00e0 del Propedeutico di Palermo. Ha iniziato il suo cammino in Seminario nel settembre 2014. In questi anni ha svolto il suo servizio pastorale a Brancaccio, collaborando con le \u201cMissionarie della Carit\u00e0\u201d. Ha inoltre svolto servizio presso la parrocchia Santi Ciro e Giorgio di Marineo. Attualmente \u00e8 impegnato nel settore dell\u2019animazione vocazionale diocesana. Frequenta il terzo anno del Corso istituzionale presso la Pontificia Facolt\u00e0 Teologica di Sicilia.<br \/> Gaetano Marsiglia \u00e8 un seminarista del terzo anno formativo, ha 29 anni e appartiene alla comunit\u00e0 parrocchiale di San Giovanni Apostolo, in Palermo. Diplomato presso l&#8217;I.T.I.S. Vittorio Emanuele III con il titolo di Capotecnico perito industriale informatico, ha proseguito gli studi in Ingegneria informatica concludendo il ciclo triennale, parallelamente all\u2019impiego lavorativo presso l\u2019azienda di Rete Ferroviaria Italiana. Nell\u2019anno 2011 ha iniziato il cammino di fede attraverso le cellule parrocchiali di evangelizzazione \u201cOikos\u201d e, da l\u00ec, ha avuto inizio la sua conversione. In seguito ha intrapreso un cammino di discernimento vocazionale, frequentando anche i percorsi vocazionali proposti dal seminario che lo hanno portato a richiedere al rettore l\u2019ingresso presso la comunit\u00e0 del Propedeutico, nella quale si \u00e8 inserito a ottobre 2013. Entrato a far parte della comunit\u00e0 del seminario l\u2019anno successivo, dopo due anni di aspettativa, ha consegnato le sue dimissioni volontarie per la risoluzione definitiva del contratto lavorativo. In questi anni di seminario ha svolto servizio pastorale presso il carcere minorile di Palermo \u201cMalaspina\u201d, ha conosciuto la realt\u00e0 associativa dell\u2019Azione Cattolica presso la parrocchia palermitana Santa Rosa da Lima e, attualmente, fa parte dell\u2019equipe del percorso vocazionale diocesano \u201cConosci Samuele?\u201d. Frequenta il terzo anno del Corso istituzionale presso la Pontificia Facolt\u00e0 Teologica di Sicilia.<br \/> Salvatore Teresi \u00e8 un seminarista di terzo anno, ha 28 anni e fa parte della comunit\u00e0 parrocchiale SS. Salvatore, di Termini Imerese. A 11 anni \u00e8 entrato a far parte del gruppo scout Agesci Termini Imerese 1, nel quale \u00e8 maturata la sua esperienza di fede e la sua scelta di servizio. Dopo aver conseguito il diploma di maturit\u00e0 scientifica, ha intrapreso gli studi in Medicina e Chirurgia presso l\u2019Universit\u00e0 Campus Bio-Medico di Roma. \u00c8 stato alunno della RUI, Residenza Universitaria Internazionale, la cui formazione spirituale e dottrinale \u00e8 affidata alla Prelatura dell\u2019Opus Dei. A Roma \u00e8 entrato a far parte della comunit\u00e0 capi del gruppo scout Agesci Roma 38, ultimando l\u2019iter di formazione capi. Negli anni romani ha percorso un cammino di direzione spirituale durante il quale ha iniziato il discernimento vocazionale, chiedendosi se il Signore lo chiamasse a servirlo con una speciale consacrazione. Nel 2013 ha deciso di interrompere gli studi intrapresi, chiedendo l\u2019ingresso nella comunit\u00e0 del Propedeutico del Seminario di Palermo. In questi anni ha svolto il suo servizio pastorale presso il carcere minorile di Palermo \u201cMalaspina\u201d, ha conosciuto la realt\u00e0 associativa dell\u2019Azione Cattolica presso la parrocchia Sacro Cuore di Ges\u00f9 in Villabate e, attualmente, fa parte dell\u2019equipe del percorso diocesano per coppie sposate \u201cCoppie in Comunione\u201d. Frequenta il terzo anno del Corso Istituzionale presso la Pontificia Facolt\u00e0 Teologica di Sicilia. [01]<br \/><\/span><\/span> <!--[if !supportLineBreakNewLine]--><br \/> <!--[endif]--><\/span><\/div>\n","protected":false},"excerpt":{"rendered":"","protected":false},"author":1,"featured_media":0,"comment_status":"open","ping_status":"open","sticky":false,"template":"","format":"standard","meta":[],"categories":[30],"tags":[],"news-destination":[],"news-source":[],"is_homepage":[],"ta_other":[],"_links":{"self":[{"href":"https:\/\/www.chiesedisicilia.org\/chiesedisicilia\/news\/wp-json\/wp\/v2\/posts\/3886"}],"collection":[{"href":"https:\/\/www.chiesedisicilia.org\/chiesedisicilia\/news\/wp-json\/wp\/v2\/posts"}],"about":[{"href":"https:\/\/www.chiesedisicilia.org\/chiesedisicilia\/news\/wp-json\/wp\/v2\/types\/post"}],"author":[{"embeddable":true,"href":"https:\/\/www.chiesedisicilia.org\/chiesedisicilia\/news\/wp-json\/wp\/v2\/users\/1"}],"replies":[{"embeddable":true,"href":"https:\/\/www.chiesedisicilia.org\/chiesedisicilia\/news\/wp-json\/wp\/v2\/comments?post=3886"}],"version-history":[{"count":1,"href":"https:\/\/www.chiesedisicilia.org\/chiesedisicilia\/news\/wp-json\/wp\/v2\/posts\/3886\/revisions"}],"predecessor-version":[{"id":22364,"href":"https:\/\/www.chiesedisicilia.org\/chiesedisicilia\/news\/wp-json\/wp\/v2\/posts\/3886\/revisions\/22364"}],"wp:attachment":[{"href":"https:\/\/www.chiesedisicilia.org\/chiesedisicilia\/news\/wp-json\/wp\/v2\/media?parent=3886"}],"wp:term":[{"taxonomy":"category","embeddable":true,"href":"https:\/\/www.chiesedisicilia.org\/chiesedisicilia\/news\/wp-json\/wp\/v2\/categories?post=3886"},{"taxonomy":"post_tag","embeddable":true,"href":"https:\/\/www.chiesedisicilia.org\/chiesedisicilia\/news\/wp-json\/wp\/v2\/tags?post=3886"},{"taxonomy":"news-destination","embeddable":true,"href":"https:\/\/www.chiesedisicilia.org\/chiesedisicilia\/news\/wp-json\/wp\/v2\/news-destination?post=3886"},{"taxonomy":"news-source","embeddable":true,"href":"https:\/\/www.chiesedisicilia.org\/chiesedisicilia\/news\/wp-json\/wp\/v2\/news-source?post=3886"},{"taxonomy":"is_homepage","embeddable":true,"href":"https:\/\/www.chiesedisicilia.org\/chiesedisicilia\/news\/wp-json\/wp\/v2\/is_homepage?post=3886"},{"taxonomy":"ta_other","embeddable":true,"href":"https:\/\/www.chiesedisicilia.org\/chiesedisicilia\/news\/wp-json\/wp\/v2\/ta_other?post=3886"}],"curies":[{"name":"wp","href":"https:\/\/api.w.org\/{rel}","templated":true}]}}