{"id":3879,"date":"2017-05-05T10:13:00","date_gmt":"2017-05-05T08:13:00","guid":{"rendered":"http:\/\/wptestsite.tecnavia.com\/chiesedisicilia_clientsite\/news\/2017\/05\/05\/palermo-festa-dei-popoli-2017-tutti-i-popoli-per-la-giustizia-e-la-pace\/"},"modified":"2018-11-12T07:58:31","modified_gmt":"2018-01-16T07:58:31","slug":"palermo-festa-dei-popoli-2017-tutti-i-popoli-per-la-giustizia-e-la-pace","status":"publish","type":"post","link":"https:\/\/www.chiesedisicilia.org\/2017\/05\/05\/palermo-festa-dei-popoli-2017-tutti-i-popoli-per-la-giustizia-e-la-pace\/","title":{"rendered":"PALERMO. FESTA DEI POPOLI 2017: &#8220;TUTTI I POPOLI PER LA GIUSTIZIA E LA PACE&#8221;"},"content":{"rendered":"<div><span style=\"font-size: medium;\"><span style=\"font-family: \"Times New Roman\";\">Organismi cattolici dell\u2019Arcidiocesi di Palermo, associazioni di immigrati e per gli immigrati, scuole superiori, comunit\u00e0 etniche, da mesi lavorano in sinergia per costruire la \u201cFesta dei popoli 2017\u201d che si terr\u00e0 al Foro Italico di Palermo domenica 7 maggio 2017. \u201cTutti i popoli per la giustizia e la pace\u201d \u00e8 il tema attorno al quale tutti i palermitani, sia nativi che nati in altri continenti ma che per motivi diversi hanno scelto di vivere in questa citt\u00e0, hanno voluto focalizzare la loro attenzione. &#8220;Un tema che vuol far crescere il protagonismo positivo nella costruzione di una convivenza armoniosa e pacifica \u00a0\u2013 dice p. Sergio Natoli, di Arcobaleno di popoli -, dove i valori della giustizia e della pace sono la piattaforma valoriale condivisa. Attraverso il gioco della pallavolo e il cricket, aperti all\u2019accoglienza di tutti, intendiamo contribuire ad invertire la tendenza di considerare l\u2019altro come un concorrente o un suddito da dominare. Attraverso una ludoteca animata da persone di culture diverse, \u00e8 piacevole far giocare tutti i bambini ovunque siano nati, offrendo loro l\u2019opportunit\u00e0 di vivere un tempo di gioco e di festa, nel rispetto della loro et\u00e0 e dignit\u00e0&#8221;.<br \/> Diverse comunit\u00e0 etniche presenti a Palermo daranno a tutti l\u2019opportunit\u00e0 di far gustare degli assaggi di pietanze tipiche dei loro Paesi. L\u2019Ente di Formazione professionale don Orione preparer\u00e0 dei cibi tipici siciliani.<\/span><\/span><span style=\"font-size:12.0pt;font-family:\"Times New Roman\",\"serif\"\"><o:p><\/o:p><\/span><\/div>\n<div><span style=\"font-size: medium;\"><span style=\"font-family: \"Times New Roman\";\">Gli alunni di due Licei artistici della citt\u00e0 esporranno i loro lavori per esprimere come vedono il futuro fondato sulla giustizia e la pace. Altri studenti si cimenteranno in danze interculturali.<br \/> In serata, infine, ci sar\u00e0 un momento di festa dove le diversit\u00e0 culturali si esprimeranno attraverso canti, danze, coreografie e presentazione dei vestiti tradizionali dei differenti Paesi.<br \/> <!--[if !supportLineBreakNewLine]--><br \/> <!--[endif]--><\/span><\/span><span style=\"font-size:12.0pt;font-family:\"Times New Roman\",\"serif\"\"><o:p><\/o:p><\/span><\/div>\n<div><span style=\"font-size: medium;\"><span style=\"font-family: \"Times New Roman\";\">Il programma dell&#8217;evento prevede:\u00a0\u00a0\u00a0\u00a0\u00a0<br \/> ore 10.00 \u2013 Partenza da 5 punti di una piccola delegazione in rappresentanza dei 5 continenti.<br \/> ore 10.30 \u2013 Presentazione dell\u2019iniziativa e momento di preghiera interreligiosa. Allestimento della mostra di pittura e scultura sul tema. Estemporanea di pittura sul tema \u201cTutti i popoli per la giustizia e la pace\u201d.<br \/> ore 13 &#8211; \u201cI sapori dei popoli\u201d. Assaggi cucina multietnica<br \/> ore 15.00 &#8211; Ludoteca per i bambini<br \/> ore 15.00 &#8211; Torneo di pallavolo e introduzione al cricket<br \/> ore 18.00 &#8211; Performance di musica, danze e presentazione degli abiti tradizionali etnici. [01]<\/span><\/span><span style=\"font-size:12.0pt;font-family:\"Times New Roman\",\"serif\"\"><o:p><\/o:p><\/span><\/div>\n","protected":false},"excerpt":{"rendered":"","protected":false},"author":1,"featured_media":0,"comment_status":"open","ping_status":"open","sticky":false,"template":"","format":"standard","meta":[],"categories":[30],"tags":[],"news-destination":[],"news-source":[],"is_homepage":[],"ta_other":[],"_links":{"self":[{"href":"https:\/\/www.chiesedisicilia.org\/chiesedisicilia\/news\/wp-json\/wp\/v2\/posts\/3879"}],"collection":[{"href":"https:\/\/www.chiesedisicilia.org\/chiesedisicilia\/news\/wp-json\/wp\/v2\/posts"}],"about":[{"href":"https:\/\/www.chiesedisicilia.org\/chiesedisicilia\/news\/wp-json\/wp\/v2\/types\/post"}],"author":[{"embeddable":true,"href":"https:\/\/www.chiesedisicilia.org\/chiesedisicilia\/news\/wp-json\/wp\/v2\/users\/1"}],"replies":[{"embeddable":true,"href":"https:\/\/www.chiesedisicilia.org\/chiesedisicilia\/news\/wp-json\/wp\/v2\/comments?post=3879"}],"version-history":[{"count":1,"href":"https:\/\/www.chiesedisicilia.org\/chiesedisicilia\/news\/wp-json\/wp\/v2\/posts\/3879\/revisions"}],"predecessor-version":[{"id":22353,"href":"https:\/\/www.chiesedisicilia.org\/chiesedisicilia\/news\/wp-json\/wp\/v2\/posts\/3879\/revisions\/22353"}],"wp:attachment":[{"href":"https:\/\/www.chiesedisicilia.org\/chiesedisicilia\/news\/wp-json\/wp\/v2\/media?parent=3879"}],"wp:term":[{"taxonomy":"category","embeddable":true,"href":"https:\/\/www.chiesedisicilia.org\/chiesedisicilia\/news\/wp-json\/wp\/v2\/categories?post=3879"},{"taxonomy":"post_tag","embeddable":true,"href":"https:\/\/www.chiesedisicilia.org\/chiesedisicilia\/news\/wp-json\/wp\/v2\/tags?post=3879"},{"taxonomy":"news-destination","embeddable":true,"href":"https:\/\/www.chiesedisicilia.org\/chiesedisicilia\/news\/wp-json\/wp\/v2\/news-destination?post=3879"},{"taxonomy":"news-source","embeddable":true,"href":"https:\/\/www.chiesedisicilia.org\/chiesedisicilia\/news\/wp-json\/wp\/v2\/news-source?post=3879"},{"taxonomy":"is_homepage","embeddable":true,"href":"https:\/\/www.chiesedisicilia.org\/chiesedisicilia\/news\/wp-json\/wp\/v2\/is_homepage?post=3879"},{"taxonomy":"ta_other","embeddable":true,"href":"https:\/\/www.chiesedisicilia.org\/chiesedisicilia\/news\/wp-json\/wp\/v2\/ta_other?post=3879"}],"curies":[{"name":"wp","href":"https:\/\/api.w.org\/{rel}","templated":true}]}}