{"id":3874,"date":"2017-04-12T16:22:00","date_gmt":"2017-04-12T14:22:00","guid":{"rendered":"http:\/\/wptestsite.tecnavia.com\/chiesedisicilia_clientsite\/news\/2017\/04\/12\/palermo-curia-lo-scambio-di-auguri-allarcivescovo-per-la-santa-pasqua\/"},"modified":"2018-11-12T07:58:31","modified_gmt":"2018-01-16T07:58:31","slug":"palermo-curia-lo-scambio-di-auguri-allarcivescovo-per-la-santa-pasqua","status":"publish","type":"post","link":"https:\/\/www.chiesedisicilia.org\/2017\/04\/12\/palermo-curia-lo-scambio-di-auguri-allarcivescovo-per-la-santa-pasqua\/","title":{"rendered":"PALERMO. CURIA: LO SCAMBIO DI AUGURI ALL\u2019ARCIVESCOVO PER LA SANTA PASQUA"},"content":{"rendered":"<div><span style=\"font-size: medium;\"><span style=\"font-family: \"Times New Roman\";\">Nell\u2019imminenza della Santa Pasqua, i vicari episcopali, i direttori e responsabili degli Uffici pastorali e i dipendenti della Curia arcivescovile, si ritroveranno per porgere gli auguri all\u2019arcivescovo e ricevere da lui la paterna parola che rivolge ai suoi pi\u00f9 stretti collaboratori.<br \/> Mons. Corrado Lorefice celebrer\u00e0 l\u2019Eucaristia mercoled\u00ec 12 aprile 2017 alle ore 9.30, nel salone Filangeri e al termine seguir\u00e0 il fraterno scambio degli auguri pasquali.<\/span><\/span><span style=\"font-size: 12pt; font-family: \"Times New Roman\", serif;\"><o:p><\/o:p><\/span><\/div>\n<div><span style=\"font-size: medium;\"><span style=\"font-family: \"Times New Roman\";\">Intanto, gli uffici della Curia, in occasione delle Festivit\u00e0 pasquali, da gioved\u00ec 13 a luned\u00ec 17 aprile 2017, rimarranno chiusi. La riapertura da marted\u00ec 18 aprile, con i soliti orari: dal luned\u00ec al venerd\u00ec dalle ore 9.30 alle ore 12.30. [01]<\/span><\/span><span style=\"font-size:12.0pt;\nfont-family:\"Times New Roman\",\"serif\"\"><o:p><\/o:p><\/span><\/div>\n","protected":false},"excerpt":{"rendered":"","protected":false},"author":1,"featured_media":0,"comment_status":"open","ping_status":"open","sticky":false,"template":"","format":"standard","meta":[],"categories":[30],"tags":[],"news-destination":[],"news-source":[],"is_homepage":[],"ta_other":[],"_links":{"self":[{"href":"https:\/\/www.chiesedisicilia.org\/chiesedisicilia\/news\/wp-json\/wp\/v2\/posts\/3874"}],"collection":[{"href":"https:\/\/www.chiesedisicilia.org\/chiesedisicilia\/news\/wp-json\/wp\/v2\/posts"}],"about":[{"href":"https:\/\/www.chiesedisicilia.org\/chiesedisicilia\/news\/wp-json\/wp\/v2\/types\/post"}],"author":[{"embeddable":true,"href":"https:\/\/www.chiesedisicilia.org\/chiesedisicilia\/news\/wp-json\/wp\/v2\/users\/1"}],"replies":[{"embeddable":true,"href":"https:\/\/www.chiesedisicilia.org\/chiesedisicilia\/news\/wp-json\/wp\/v2\/comments?post=3874"}],"version-history":[{"count":1,"href":"https:\/\/www.chiesedisicilia.org\/chiesedisicilia\/news\/wp-json\/wp\/v2\/posts\/3874\/revisions"}],"predecessor-version":[{"id":22352,"href":"https:\/\/www.chiesedisicilia.org\/chiesedisicilia\/news\/wp-json\/wp\/v2\/posts\/3874\/revisions\/22352"}],"wp:attachment":[{"href":"https:\/\/www.chiesedisicilia.org\/chiesedisicilia\/news\/wp-json\/wp\/v2\/media?parent=3874"}],"wp:term":[{"taxonomy":"category","embeddable":true,"href":"https:\/\/www.chiesedisicilia.org\/chiesedisicilia\/news\/wp-json\/wp\/v2\/categories?post=3874"},{"taxonomy":"post_tag","embeddable":true,"href":"https:\/\/www.chiesedisicilia.org\/chiesedisicilia\/news\/wp-json\/wp\/v2\/tags?post=3874"},{"taxonomy":"news-destination","embeddable":true,"href":"https:\/\/www.chiesedisicilia.org\/chiesedisicilia\/news\/wp-json\/wp\/v2\/news-destination?post=3874"},{"taxonomy":"news-source","embeddable":true,"href":"https:\/\/www.chiesedisicilia.org\/chiesedisicilia\/news\/wp-json\/wp\/v2\/news-source?post=3874"},{"taxonomy":"is_homepage","embeddable":true,"href":"https:\/\/www.chiesedisicilia.org\/chiesedisicilia\/news\/wp-json\/wp\/v2\/is_homepage?post=3874"},{"taxonomy":"ta_other","embeddable":true,"href":"https:\/\/www.chiesedisicilia.org\/chiesedisicilia\/news\/wp-json\/wp\/v2\/ta_other?post=3874"}],"curies":[{"name":"wp","href":"https:\/\/api.w.org\/{rel}","templated":true}]}}