{"id":3850,"date":"2017-03-02T10:57:00","date_gmt":"2017-03-02T09:57:00","guid":{"rendered":"http:\/\/wptestsite.tecnavia.com\/chiesedisicilia_clientsite\/news\/2017\/03\/02\/palermo-biagio-conte-a-piedi-con-la-croce-in-spalla-fin-dai-terremotati-ad-amatrice\/"},"modified":"2018-11-12T07:58:30","modified_gmt":"2018-01-16T07:58:30","slug":"palermo-biagio-conte-a-piedi-con-la-croce-in-spalla-fin-dai-terremotati-ad-amatrice","status":"publish","type":"post","link":"https:\/\/www.chiesedisicilia.org\/2017\/03\/02\/palermo-biagio-conte-a-piedi-con-la-croce-in-spalla-fin-dai-terremotati-ad-amatrice\/","title":{"rendered":"PALERMO. BIAGIO CONTE: A PIEDI, CON LA CROCE IN SPALLA, FIN DAI TERREMOTATI AD AMATRICE"},"content":{"rendered":"<div><span style=\"font-size: medium;\"><span style=\"font-family: \" times=\"\" new=\"\">Per la Quaresima Biagio Conte, fondatore della missione \u201cSperanza e Carit\u00e0\u201d prende la Croce sulle spalle e si reca a piedi ad Amatrice, dai terremotati, &#8220;per testimoniare l\u2019amore verso il prossimo, annunciare la conversione e l\u2019attenzione ai poveri&#8221;. Un cammino che avr\u00e0 inizio il 5 marzo, prima domenica di Quaresima appunto, dal luogo in cui si \u00e8 interrotto quello precedente, cio\u00e8 Roma, dove lo scorso luglio il missionario laico ebbe l\u2019opportunit\u00e0 di incontrare Papa Francesco.<br \/> Partendo da San Pietro domenica prossima, dopola messa, fratel Biagio, con il suo saio verde e il bastone, si diriger\u00e0 verso le zone terremotate e poi risalir\u00e0 la penisola portando la Croce in tutti i luoghi del dolore.<\/span><\/span><span style=\"font-size: 12pt; font-family: \" times=\"\" new=\"\"><o:p><\/o:p><\/span><\/div>\n<div><span style=\"font-size: medium;\"><span style=\"font-family: \" times=\"\" new=\"\">  <span style=\"line-height: 115%;\">Dopo Amatrice, Biagio Conte sar\u00e0 a Norcia ed Assisi. Prima di partire fratel Biagio ha chiesto a tutti gli amici della missione Speranza e Carit\u00e0 di sostenere don Pino e i fratelli e le sorelle che restano a Palermo nel portare avanti le varie attivit\u00e0 che, in questo periodo di grande emergenza, non possono essere rallentate.<br \/> Biagio Conte, che guida le tre comunit\u00e0 di accoglienza per circa mille migranti, poveri, senzatetto, ha gi\u00e0 lasciato per qualche mese la missione la scorsa primavera per attraversare a piedi tutto il sud Italia fino a Roma, macinando chilometri con un paio di sandali e la forza della preghiera. [01]<\/span><\/span><\/span><span style=\"font-size: 12pt; line-height: 115%; font-family: \" times=\"\" new=\"\"><br \/> <!--[endif]--><\/span><\/div>\n","protected":false},"excerpt":{"rendered":"","protected":false},"author":1,"featured_media":0,"comment_status":"open","ping_status":"open","sticky":false,"template":"","format":"standard","meta":[],"categories":[30],"tags":[],"news-destination":[],"news-source":[],"is_homepage":[],"ta_other":[],"_links":{"self":[{"href":"https:\/\/www.chiesedisicilia.org\/chiesedisicilia\/news\/wp-json\/wp\/v2\/posts\/3850"}],"collection":[{"href":"https:\/\/www.chiesedisicilia.org\/chiesedisicilia\/news\/wp-json\/wp\/v2\/posts"}],"about":[{"href":"https:\/\/www.chiesedisicilia.org\/chiesedisicilia\/news\/wp-json\/wp\/v2\/types\/post"}],"author":[{"embeddable":true,"href":"https:\/\/www.chiesedisicilia.org\/chiesedisicilia\/news\/wp-json\/wp\/v2\/users\/1"}],"replies":[{"embeddable":true,"href":"https:\/\/www.chiesedisicilia.org\/chiesedisicilia\/news\/wp-json\/wp\/v2\/comments?post=3850"}],"version-history":[{"count":1,"href":"https:\/\/www.chiesedisicilia.org\/chiesedisicilia\/news\/wp-json\/wp\/v2\/posts\/3850\/revisions"}],"predecessor-version":[{"id":22324,"href":"https:\/\/www.chiesedisicilia.org\/chiesedisicilia\/news\/wp-json\/wp\/v2\/posts\/3850\/revisions\/22324"}],"wp:attachment":[{"href":"https:\/\/www.chiesedisicilia.org\/chiesedisicilia\/news\/wp-json\/wp\/v2\/media?parent=3850"}],"wp:term":[{"taxonomy":"category","embeddable":true,"href":"https:\/\/www.chiesedisicilia.org\/chiesedisicilia\/news\/wp-json\/wp\/v2\/categories?post=3850"},{"taxonomy":"post_tag","embeddable":true,"href":"https:\/\/www.chiesedisicilia.org\/chiesedisicilia\/news\/wp-json\/wp\/v2\/tags?post=3850"},{"taxonomy":"news-destination","embeddable":true,"href":"https:\/\/www.chiesedisicilia.org\/chiesedisicilia\/news\/wp-json\/wp\/v2\/news-destination?post=3850"},{"taxonomy":"news-source","embeddable":true,"href":"https:\/\/www.chiesedisicilia.org\/chiesedisicilia\/news\/wp-json\/wp\/v2\/news-source?post=3850"},{"taxonomy":"is_homepage","embeddable":true,"href":"https:\/\/www.chiesedisicilia.org\/chiesedisicilia\/news\/wp-json\/wp\/v2\/is_homepage?post=3850"},{"taxonomy":"ta_other","embeddable":true,"href":"https:\/\/www.chiesedisicilia.org\/chiesedisicilia\/news\/wp-json\/wp\/v2\/ta_other?post=3850"}],"curies":[{"name":"wp","href":"https:\/\/api.w.org\/{rel}","templated":true}]}}