{"id":3787,"date":"2016-06-23T11:38:00","date_gmt":"2016-06-23T09:38:00","guid":{"rendered":"http:\/\/wptestsite.tecnavia.com\/chiesedisicilia_clientsite\/news\/2016\/06\/23\/palermo-santa-messa-in-onore-di-san-josemaria-escriva\/"},"modified":"2018-11-12T07:58:25","modified_gmt":"2018-01-16T07:58:25","slug":"palermo-santa-messa-in-onore-di-san-josemaria-escriva","status":"publish","type":"post","link":"https:\/\/www.chiesedisicilia.org\/2016\/06\/23\/palermo-santa-messa-in-onore-di-san-josemaria-escriva\/","title":{"rendered":"PALERMO. SANTA MESSA IN ONORE DI SAN JOSEMAR\u00cdA ESCRIV\u00c1"},"content":{"rendered":"<p class=\"MsoNormal\"><span style=\"font-size: 12pt; line-height: 115%; font-family: \"Times New Roman\", serif;\">Sabato 25 giugno 2016, alle ore 11, verr\u00e0 celebrata in Cattedrale una Santa Messa in onore di San Josemar\u00eda Escriv\u00e1, fondatore dell&#8217;Opus Dei. Presieder\u00e0 la concelebrazione don Filippo Sarullo, parroco della Cattedrale. &#8220;Nell&#8217;anno del Giubileo della Misericordia &#8211; si legge in una nota stampa &#8211; l&#8217;esempio di San Josemar\u00eda ricorda a tutti i battezzati che &#8216;le opere sono amore, e non i bei ragionamenti&#8217;. Quando il 2 ottobre 1928 per ispirazione divina cominci\u00f2 a promuovere nel mondo una chiamata alla santit\u00e0 e all&#8217;apostolato per i laici, il giovane sacerdote spagnolo and\u00f2 a cercare forza e sostegno nella preghiera e nel dolore dei malati negli ospedali di Madrid. Invitava molti giovani ad accompagnarlo e tra quei giovani vennero le prime vocazioni all&#8217;Opus Dei, come quella del Beato \u00c0lvaro del Portillo, suo fedele collaboratore per quattro decenni e poi successore. A quei giovani, e poi alle migliaia di persone dei cinque continenti a cui \u00e8 arrivato il messaggio dell&#8217;Opera, il fondatore insegnava che si pu\u00f2 incontrare Ges\u00f9 proprio nelle azioni di ogni giorno, anche le pi\u00f9 semplici e umili, se vengono compiute con amore per Dio e per gli altri.<br \/> Si tratta di un modo di vivere la fede &#8211; continua il comunicato &#8211; che si incarna nella vita di ogni uomo e di ogni donna, chiamati a scoprire come le opere di misericordia, corporali e spirituali, si possono declinare in mille modi nel proprio ambiente di lavoro, in famiglia, nella vita sociale, tra gli amici. Sin dalla sua morte, avvenuta il 26 giugno 1975, il fondatore dell&#8217;Opus Dei \u00e8 stato oggetto di una grande devozione&#8221;. Per questo motivo, in occasione dell&#8217;anniversario del suo transito al Cielo, come in moltissime citt\u00e0 d&#8217;Italia e del mondo intero anche a Palermo verr\u00e0 ricordata la memoria di San Josemar\u00eda. [01]\u00a0<o:p><\/o:p><\/span><\/p>\n","protected":false},"excerpt":{"rendered":"","protected":false},"author":1,"featured_media":0,"comment_status":"open","ping_status":"open","sticky":false,"template":"","format":"standard","meta":[],"categories":[30],"tags":[],"news-destination":[],"news-source":[],"is_homepage":[],"ta_other":[],"_links":{"self":[{"href":"https:\/\/www.chiesedisicilia.org\/chiesedisicilia\/news\/wp-json\/wp\/v2\/posts\/3787"}],"collection":[{"href":"https:\/\/www.chiesedisicilia.org\/chiesedisicilia\/news\/wp-json\/wp\/v2\/posts"}],"about":[{"href":"https:\/\/www.chiesedisicilia.org\/chiesedisicilia\/news\/wp-json\/wp\/v2\/types\/post"}],"author":[{"embeddable":true,"href":"https:\/\/www.chiesedisicilia.org\/chiesedisicilia\/news\/wp-json\/wp\/v2\/users\/1"}],"replies":[{"embeddable":true,"href":"https:\/\/www.chiesedisicilia.org\/chiesedisicilia\/news\/wp-json\/wp\/v2\/comments?post=3787"}],"version-history":[{"count":1,"href":"https:\/\/www.chiesedisicilia.org\/chiesedisicilia\/news\/wp-json\/wp\/v2\/posts\/3787\/revisions"}],"predecessor-version":[{"id":22261,"href":"https:\/\/www.chiesedisicilia.org\/chiesedisicilia\/news\/wp-json\/wp\/v2\/posts\/3787\/revisions\/22261"}],"wp:attachment":[{"href":"https:\/\/www.chiesedisicilia.org\/chiesedisicilia\/news\/wp-json\/wp\/v2\/media?parent=3787"}],"wp:term":[{"taxonomy":"category","embeddable":true,"href":"https:\/\/www.chiesedisicilia.org\/chiesedisicilia\/news\/wp-json\/wp\/v2\/categories?post=3787"},{"taxonomy":"post_tag","embeddable":true,"href":"https:\/\/www.chiesedisicilia.org\/chiesedisicilia\/news\/wp-json\/wp\/v2\/tags?post=3787"},{"taxonomy":"news-destination","embeddable":true,"href":"https:\/\/www.chiesedisicilia.org\/chiesedisicilia\/news\/wp-json\/wp\/v2\/news-destination?post=3787"},{"taxonomy":"news-source","embeddable":true,"href":"https:\/\/www.chiesedisicilia.org\/chiesedisicilia\/news\/wp-json\/wp\/v2\/news-source?post=3787"},{"taxonomy":"is_homepage","embeddable":true,"href":"https:\/\/www.chiesedisicilia.org\/chiesedisicilia\/news\/wp-json\/wp\/v2\/is_homepage?post=3787"},{"taxonomy":"ta_other","embeddable":true,"href":"https:\/\/www.chiesedisicilia.org\/chiesedisicilia\/news\/wp-json\/wp\/v2\/ta_other?post=3787"}],"curies":[{"name":"wp","href":"https:\/\/api.w.org\/{rel}","templated":true}]}}