{"id":3730,"date":"2016-01-07T10:50:00","date_gmt":"2016-01-07T09:50:00","guid":{"rendered":"http:\/\/wptestsite.tecnavia.com\/chiesedisicilia_clientsite\/news\/2016\/01\/07\/palermo-vescovado-aspitata-una-famiglia-di-migranti\/"},"modified":"2018-11-12T07:58:24","modified_gmt":"2018-01-16T07:58:24","slug":"palermo-vescovado-aspitata-una-famiglia-di-migranti","status":"publish","type":"post","link":"https:\/\/www.chiesedisicilia.org\/2016\/01\/07\/palermo-vescovado-aspitata-una-famiglia-di-migranti\/","title":{"rendered":"PALERMO. VESCOVADO: ASPITATA UNA FAMIGLIA DI MIGRANTI"},"content":{"rendered":"<div><span style=\"font-size: 12pt; font-family: 'Times New Roman', serif;\"><span style=\"font-size: medium;\"><span style=\"font-family: 'Times New Roman';\">Mons. Corrado Lorefice, quando si \u00e8 insediato aveva promesso che l\u2019Episcopio sarebbe diventato una casa aperta a tutti e cos\u00ec \u00e8 stato. L&#8217;occasione gli \u00e8 stata data dall&#8217;ultimo ingente sbarco di migranti, avvenuto al porto di Palermo.<br \/> Dalla scaletta del mercantile norvegese \u201cSiem Pilot\u201d, del dispositivo Frontex, assieme a quasi mille persone provenienti da vari Paesi africani e soccorsi nel Mediterraneo tra Natale e Santo Stefano, sono scesi anche loro, i due bimbi nigeriani con la loro mamma, Francesca, e Preziosa (questo il significato del suo nome), 19 anni, anche lei nigeriana e un bagaglio di tragedie troppo pesante da portare da sola. [01]\u00a0<\/span><\/span><o:p><\/o:p><\/span><\/div>\n","protected":false},"excerpt":{"rendered":"","protected":false},"author":1,"featured_media":0,"comment_status":"open","ping_status":"open","sticky":false,"template":"","format":"standard","meta":[],"categories":[30],"tags":[],"news-destination":[],"news-source":[],"is_homepage":[],"ta_other":[],"_links":{"self":[{"href":"https:\/\/www.chiesedisicilia.org\/chiesedisicilia\/news\/wp-json\/wp\/v2\/posts\/3730"}],"collection":[{"href":"https:\/\/www.chiesedisicilia.org\/chiesedisicilia\/news\/wp-json\/wp\/v2\/posts"}],"about":[{"href":"https:\/\/www.chiesedisicilia.org\/chiesedisicilia\/news\/wp-json\/wp\/v2\/types\/post"}],"author":[{"embeddable":true,"href":"https:\/\/www.chiesedisicilia.org\/chiesedisicilia\/news\/wp-json\/wp\/v2\/users\/1"}],"replies":[{"embeddable":true,"href":"https:\/\/www.chiesedisicilia.org\/chiesedisicilia\/news\/wp-json\/wp\/v2\/comments?post=3730"}],"version-history":[{"count":1,"href":"https:\/\/www.chiesedisicilia.org\/chiesedisicilia\/news\/wp-json\/wp\/v2\/posts\/3730\/revisions"}],"predecessor-version":[{"id":22204,"href":"https:\/\/www.chiesedisicilia.org\/chiesedisicilia\/news\/wp-json\/wp\/v2\/posts\/3730\/revisions\/22204"}],"wp:attachment":[{"href":"https:\/\/www.chiesedisicilia.org\/chiesedisicilia\/news\/wp-json\/wp\/v2\/media?parent=3730"}],"wp:term":[{"taxonomy":"category","embeddable":true,"href":"https:\/\/www.chiesedisicilia.org\/chiesedisicilia\/news\/wp-json\/wp\/v2\/categories?post=3730"},{"taxonomy":"post_tag","embeddable":true,"href":"https:\/\/www.chiesedisicilia.org\/chiesedisicilia\/news\/wp-json\/wp\/v2\/tags?post=3730"},{"taxonomy":"news-destination","embeddable":true,"href":"https:\/\/www.chiesedisicilia.org\/chiesedisicilia\/news\/wp-json\/wp\/v2\/news-destination?post=3730"},{"taxonomy":"news-source","embeddable":true,"href":"https:\/\/www.chiesedisicilia.org\/chiesedisicilia\/news\/wp-json\/wp\/v2\/news-source?post=3730"},{"taxonomy":"is_homepage","embeddable":true,"href":"https:\/\/www.chiesedisicilia.org\/chiesedisicilia\/news\/wp-json\/wp\/v2\/is_homepage?post=3730"},{"taxonomy":"ta_other","embeddable":true,"href":"https:\/\/www.chiesedisicilia.org\/chiesedisicilia\/news\/wp-json\/wp\/v2\/ta_other?post=3730"}],"curies":[{"name":"wp","href":"https:\/\/api.w.org\/{rel}","templated":true}]}}