{"id":3728,"date":"2015-12-23T11:32:00","date_gmt":"2015-12-23T10:32:00","guid":{"rendered":"http:\/\/wptestsite.tecnavia.com\/chiesedisicilia_clientsite\/news\/2015\/12\/23\/palermo-la-porta-santa-alla-missione-speranza-e-carita\/"},"modified":"2018-11-12T07:58:24","modified_gmt":"2018-01-16T07:58:24","slug":"palermo-la-porta-santa-alla-missione-speranza-e-carita","status":"publish","type":"post","link":"https:\/\/www.chiesedisicilia.org\/2015\/12\/23\/palermo-la-porta-santa-alla-missione-speranza-e-carita\/","title":{"rendered":"PALERMO. LA PORTA SANTA ALLA MISSIONE SPERANZA E CARITA&#8217;"},"content":{"rendered":"<p class=\"MsoNoSpacing\"><span style=\"font-size: medium;\"><span style=\"font-family: 'Times New Roman';\">Sar\u00e0 aperta gioved\u00ec 24 dicembre 2015, vigilia del Natale, la quarta Porta Santa dell&#8217;Arcidiocesi di Palermo. L\u2019arcivescovo mons. Corrado Lorefice si recher\u00e0 in via Decollati, presso la sede di Missione Speranza e carit\u00e0, del missionario laico Biagio Conte dove aprir\u00e0 la porta della carit\u00e0. La celebrazione eucaristica avr\u00e0 inizio alle ore 17.<br \/> Quella ad essere aperta \u00e8 la quarta Porta santa, dopo quella della Cattedrale, che ha dato il via al Giubileo a Palermo, e quelle nei santuari di Altavilla Milicia e di Monte Pellegrino. Nel primo dei santuari \u00e8 stato il card. Paolo Romeo a presiedere la celebrazione esortando i presenti alla riflessione e alla conversione del cuore; a Monte Pellegrino mons. Corrado Lorefice durante l\u2019omelia ha rivolto un pensiero ai senza casa, ai cassintegrati e a chi ha perso il lavoro promettendo che al pi\u00f9 presto far\u00e0 l\u2019acchianata a piedi a Monte Pellegrino. [01]<\/span><\/span><span style=\"font-size:12.0pt;font-family:\"Times New Roman\",\"serif\";\nmso-fareast-font-family:\"Times New Roman\"\"><o:p><\/o:p><\/span><\/p>\n","protected":false},"excerpt":{"rendered":"","protected":false},"author":1,"featured_media":0,"comment_status":"open","ping_status":"open","sticky":false,"template":"","format":"standard","meta":[],"categories":[30],"tags":[],"news-destination":[],"news-source":[],"is_homepage":[],"ta_other":[],"_links":{"self":[{"href":"https:\/\/www.chiesedisicilia.org\/chiesedisicilia\/news\/wp-json\/wp\/v2\/posts\/3728"}],"collection":[{"href":"https:\/\/www.chiesedisicilia.org\/chiesedisicilia\/news\/wp-json\/wp\/v2\/posts"}],"about":[{"href":"https:\/\/www.chiesedisicilia.org\/chiesedisicilia\/news\/wp-json\/wp\/v2\/types\/post"}],"author":[{"embeddable":true,"href":"https:\/\/www.chiesedisicilia.org\/chiesedisicilia\/news\/wp-json\/wp\/v2\/users\/1"}],"replies":[{"embeddable":true,"href":"https:\/\/www.chiesedisicilia.org\/chiesedisicilia\/news\/wp-json\/wp\/v2\/comments?post=3728"}],"version-history":[{"count":1,"href":"https:\/\/www.chiesedisicilia.org\/chiesedisicilia\/news\/wp-json\/wp\/v2\/posts\/3728\/revisions"}],"predecessor-version":[{"id":22205,"href":"https:\/\/www.chiesedisicilia.org\/chiesedisicilia\/news\/wp-json\/wp\/v2\/posts\/3728\/revisions\/22205"}],"wp:attachment":[{"href":"https:\/\/www.chiesedisicilia.org\/chiesedisicilia\/news\/wp-json\/wp\/v2\/media?parent=3728"}],"wp:term":[{"taxonomy":"category","embeddable":true,"href":"https:\/\/www.chiesedisicilia.org\/chiesedisicilia\/news\/wp-json\/wp\/v2\/categories?post=3728"},{"taxonomy":"post_tag","embeddable":true,"href":"https:\/\/www.chiesedisicilia.org\/chiesedisicilia\/news\/wp-json\/wp\/v2\/tags?post=3728"},{"taxonomy":"news-destination","embeddable":true,"href":"https:\/\/www.chiesedisicilia.org\/chiesedisicilia\/news\/wp-json\/wp\/v2\/news-destination?post=3728"},{"taxonomy":"news-source","embeddable":true,"href":"https:\/\/www.chiesedisicilia.org\/chiesedisicilia\/news\/wp-json\/wp\/v2\/news-source?post=3728"},{"taxonomy":"is_homepage","embeddable":true,"href":"https:\/\/www.chiesedisicilia.org\/chiesedisicilia\/news\/wp-json\/wp\/v2\/is_homepage?post=3728"},{"taxonomy":"ta_other","embeddable":true,"href":"https:\/\/www.chiesedisicilia.org\/chiesedisicilia\/news\/wp-json\/wp\/v2\/ta_other?post=3728"}],"curies":[{"name":"wp","href":"https:\/\/api.w.org\/{rel}","templated":true}]}}