{"id":3672,"date":"2015-04-23T17:10:00","date_gmt":"2015-04-23T15:10:00","guid":{"rendered":"http:\/\/wptestsite.tecnavia.com\/chiesedisicilia_clientsite\/news\/2015\/04\/23\/palermo-cattedrale-una-porta-verso-il-cielo\/"},"modified":"2018-11-12T07:58:23","modified_gmt":"2018-01-16T07:58:23","slug":"palermo-cattedrale-una-porta-verso-il-cielo","status":"publish","type":"post","link":"https:\/\/www.chiesedisicilia.org\/2015\/04\/23\/palermo-cattedrale-una-porta-verso-il-cielo\/","title":{"rendered":"PALERMO. CATTEDRALE: \u201cUNA PORTA VERSO IL CIELO\u201d"},"content":{"rendered":"<p class=\"MsoNoSpacing\"><span style=\"font-size: medium;\"><span style=\"font-family: 'Times New Roman';\">In questo mese di aprile riprendono le visite serali sui tetti della Cattedrale. La visita permetter\u00e0 non solo di scoprire gli elementi artistici architettonici delle pareti esterne della Cattedrale, ma anche di ammirare dall&#8217;alto la Citt\u00e0 con le sue ricchezze paesaggistiche e monumentali.<br \/> Il primo appuntamento \u00e8 previsto sabato 25 aprile 2015, dalle 21 alle 24, con ultimo ingresso alle 23.30. Costo: 5,00 euro. Per il tour non \u00e8 prevista prenotazione. Si ricorda che da luned\u00ec a sabato \u00e8 sempre possibile salire sui tetti dalle ore 10 alle ore 17.<br \/> In caso di avverse condizioni meteorologiche, il tour viene sospeso. La visita non \u00e8 consentita per i cardiopatici, per coloro che soffrono di claustrofobia, vertigini, disabilit\u00e0 psicofisica, attacchi di ansia. Il personale non si assume alcuna responsabilit\u00e0 per eventuali lesioni personali o danni alla propriet\u00e0 che possono verificarsi durante il tour.<br \/> Info rivolgersi dalle 9 alle 17 al servizio di accoglienza turistica o al telefono 329\/3977513 alla E-mail: <\/span><\/span><span style=\"font-size:12.0pt;font-family:\"Times New Roman\",\"serif\";\nmso-fareast-font-family:\"Times New Roman\";mso-fareast-theme-font:minor-fareast;\nmso-ansi-language:IT;mso-fareast-language:IT;mso-bidi-language:AR-SA\"><a href=\"mailto:tourcattedrale@diocesipa.it\"><span style=\"font-size: medium;\"><span style=\"font-family: 'Times New Roman';\">tourcattedrale@diocesipa.it<\/span><\/span><\/a><span style=\"font-size: medium;\"><span style=\"font-family: 'Times New Roman';\"> [01]<\/span><\/span><br \/> <!--[endif]--><\/span><\/p>\n","protected":false},"excerpt":{"rendered":"","protected":false},"author":1,"featured_media":0,"comment_status":"open","ping_status":"open","sticky":false,"template":"","format":"standard","meta":[],"categories":[30],"tags":[],"news-destination":[],"news-source":[],"is_homepage":[],"ta_other":[],"_links":{"self":[{"href":"https:\/\/www.chiesedisicilia.org\/chiesedisicilia\/news\/wp-json\/wp\/v2\/posts\/3672"}],"collection":[{"href":"https:\/\/www.chiesedisicilia.org\/chiesedisicilia\/news\/wp-json\/wp\/v2\/posts"}],"about":[{"href":"https:\/\/www.chiesedisicilia.org\/chiesedisicilia\/news\/wp-json\/wp\/v2\/types\/post"}],"author":[{"embeddable":true,"href":"https:\/\/www.chiesedisicilia.org\/chiesedisicilia\/news\/wp-json\/wp\/v2\/users\/1"}],"replies":[{"embeddable":true,"href":"https:\/\/www.chiesedisicilia.org\/chiesedisicilia\/news\/wp-json\/wp\/v2\/comments?post=3672"}],"version-history":[{"count":1,"href":"https:\/\/www.chiesedisicilia.org\/chiesedisicilia\/news\/wp-json\/wp\/v2\/posts\/3672\/revisions"}],"predecessor-version":[{"id":22149,"href":"https:\/\/www.chiesedisicilia.org\/chiesedisicilia\/news\/wp-json\/wp\/v2\/posts\/3672\/revisions\/22149"}],"wp:attachment":[{"href":"https:\/\/www.chiesedisicilia.org\/chiesedisicilia\/news\/wp-json\/wp\/v2\/media?parent=3672"}],"wp:term":[{"taxonomy":"category","embeddable":true,"href":"https:\/\/www.chiesedisicilia.org\/chiesedisicilia\/news\/wp-json\/wp\/v2\/categories?post=3672"},{"taxonomy":"post_tag","embeddable":true,"href":"https:\/\/www.chiesedisicilia.org\/chiesedisicilia\/news\/wp-json\/wp\/v2\/tags?post=3672"},{"taxonomy":"news-destination","embeddable":true,"href":"https:\/\/www.chiesedisicilia.org\/chiesedisicilia\/news\/wp-json\/wp\/v2\/news-destination?post=3672"},{"taxonomy":"news-source","embeddable":true,"href":"https:\/\/www.chiesedisicilia.org\/chiesedisicilia\/news\/wp-json\/wp\/v2\/news-source?post=3672"},{"taxonomy":"is_homepage","embeddable":true,"href":"https:\/\/www.chiesedisicilia.org\/chiesedisicilia\/news\/wp-json\/wp\/v2\/is_homepage?post=3672"},{"taxonomy":"ta_other","embeddable":true,"href":"https:\/\/www.chiesedisicilia.org\/chiesedisicilia\/news\/wp-json\/wp\/v2\/ta_other?post=3672"}],"curies":[{"name":"wp","href":"https:\/\/api.w.org\/{rel}","templated":true}]}}