{"id":3612,"date":"2014-11-27T15:35:00","date_gmt":"2014-11-27T14:35:00","guid":{"rendered":"http:\/\/wptestsite.tecnavia.com\/chiesedisicilia_clientsite\/news\/2014\/11\/27\/palermo-museo-diocesano-la-pala-di-s-mercurio-torna-in-oratorio\/"},"modified":"2018-11-12T07:58:21","modified_gmt":"2018-01-16T07:58:21","slug":"palermo-museo-diocesano-la-pala-di-s-mercurio-torna-in-oratorio","status":"publish","type":"post","link":"https:\/\/www.chiesedisicilia.org\/2014\/11\/27\/palermo-museo-diocesano-la-pala-di-s-mercurio-torna-in-oratorio\/","title":{"rendered":"PALERMO. MUSEO DIOCESANO: LA PALA DI S. MERCURIO TORNA IN ORATORIO"},"content":{"rendered":"<p class=\"MsoNoSpacing\"><span style=\"font-size: medium;\"><span style=\"font-family: 'Times New Roman';\">In occasione del giorno onomastico di S. Mercurio, marted\u00ec 25 novembre, alle ore 18,\u00a0il Museo diocesano di Palermo, la Soprintendenza ai BB.CC. di Palermo e gli Amici dei Musei Siciliani presenteranno la pala d&#8217;altare con S. Mercurio restaurata e ricollocata nella sua sede originaria, sull&#8217;altare dell&#8217;oratorio che del Santo porta il nome.<\/span><\/span><span style=\"font-size:12.0pt;font-family:\"Times New Roman\",\"serif\"\"><o:p><\/o:p><\/span><\/p>\n<p class=\"MsoNoSpacing\"><span style=\"font-size: medium;\"><span style=\"font-family: 'Times New Roman';\">Interverranno: mons. Giuseppe Randazzo, direttore del Museo Diocesano di Palermo, Elena Volpes, Soprintendente ai BB.CC.AA. di Palermo, Bernardo Tortorici di Raffadali, presidente degli Amici dei Musei Siciliani, Maddalena De Luca, direttore della sezione storico-artistica della Soprintendenza e il restauratore Gaetano Alagna.<\/span><\/span><span style=\"font-size:12.0pt;font-family:\"Times New Roman\",\"serif\"\"><o:p><\/o:p><\/span><\/p>\n<p class=\"MsoNoSpacing\"><span style=\"font-size: medium;\"><span style=\"font-family: 'Times New Roman';\">La tela San Mercurio di Cesarea riceve la lancia dalla Vergine nell&#8217;Oratorio di S. Mercurio a Palermo \u00e8 un dipinto ad olio su tela di autore ignoto di cultura manieristica, attivo nella Sicilia occidentale nella prima met\u00e0 del XVII secolo.<\/span><\/span><span style=\"font-size:12.0pt;\nfont-family:\"Times New Roman\",\"serif\";mso-fareast-font-family:Calibri\"><o:p><\/o:p><\/span><\/p>\n<p class=\"MsoNoSpacing\"><span style=\"font-size: medium;\"><span style=\"font-family: 'Times New Roman';\">Si tratta di un&#8217;opera di notevole interesse storico e artistico che era stata custodita dal Museo diocesano di Palermo molti anni or sono, per difenderla dai furti che avevano gi\u00e0 colpito l&#8217;oratorio pi\u00f9 volte, sottraendovi tante opere d&#8217;arte tra cui il bel tavolo dei Superiori della seconda met\u00e0 del XVII secolo, probabilmente della bottega del noto intagliatore Giovanni Calandra, gi\u00e0 autore dei tavoli degli oratori di S. Onofrio e dei Falegnami.<\/span><\/span><span style=\"font-size:12.0pt;font-family:\"Times New Roman\",\"serif\"\"><o:p><\/o:p><\/span><\/p>\n<p class=\"MsoNoSpacing\"><span style=\"font-size: medium;\"><span style=\"font-family: 'Times New Roman';\">Negli anni 2009-2010 la tela \u00e8 stata sottoposta a restauro con un finanziamento della Soprintendenza ai BB.CC.AA. di Palermo, con la direzione a cura di Giovanna Cassata e per mano del restauratore Gaetano Alagna. A poco pi\u00f9 di un anno dalla riapertura al pubblico ad opera degli Amici dei Musei Siciliani, la tela ritorna al suo posto corredata dalla splendida cornice della fine del XVII secolo, restaurata dal laboratorio di restauro della Diocesi con il contributo economico dell\u2019Associazione Amici dei Musei Siciliani, insieme al Ruolo dei Governatori della compagnia, pure ricoverato al Museo diocesano e oggi tornato nell&#8217;antioratorio dove si trovava originariamente.<\/span><\/span><span style=\"font-size:12.0pt;font-family:\"Times New Roman\",\"serif\"\"><o:p><\/o:p><\/span><\/p>\n<p class=\"MsoNoSpacing\"><span style=\"font-size: medium;\"><span style=\"font-family: 'Times New Roman';\">Sar\u00e0 inoltre inaugurato il nuovo impianto di illuminazione realizzato insieme al sistema di antifurto dall\u2019Associazione Amici dei Musei Siciliani.<\/span><\/span><span style=\"font-size:12.0pt;font-family:\"Times New Roman\",\"serif\"\"><o:p><\/o:p><\/span><\/p>\n<p class=\"MsoNoSpacing\"><span style=\"font-size: medium;\"><span style=\"font-family: 'Times New Roman';\">Il Museo diocesano di Palermo prosegue in questo modo la ricollocazione delle opere d&#8217;arte sacra che ha visto negli anni ricoverate nei suoi depositi, come gi\u00e0 avvenuto con opere delle chiese di S. Cristoforo e di S. Antonio Abate e con l&#8217;oratorio del Rosario in S. Cita di Palermo.<\/span><\/span><span style=\"font-size:12.0pt;font-family:\"Times New Roman\",\"serif\"\"><o:p><\/o:p><\/span><\/p>\n<p class=\"MsoNoSpacing\"><span style=\"font-size: medium;\"><span style=\"font-family: 'Times New Roman';\">L&#8217;oratorio \u00e8 aperto ogni giorno dalle ore 10 alle ore 18. [01]<\/span><\/span><span style=\"font-size:12.0pt;font-family:\"Times New Roman\",\"serif\"\"><o:p><\/o:p><\/span><\/p>\n","protected":false},"excerpt":{"rendered":"","protected":false},"author":1,"featured_media":0,"comment_status":"open","ping_status":"open","sticky":false,"template":"","format":"standard","meta":[],"categories":[30],"tags":[],"news-destination":[],"news-source":[],"is_homepage":[],"ta_other":[],"_links":{"self":[{"href":"https:\/\/www.chiesedisicilia.org\/chiesedisicilia\/news\/wp-json\/wp\/v2\/posts\/3612"}],"collection":[{"href":"https:\/\/www.chiesedisicilia.org\/chiesedisicilia\/news\/wp-json\/wp\/v2\/posts"}],"about":[{"href":"https:\/\/www.chiesedisicilia.org\/chiesedisicilia\/news\/wp-json\/wp\/v2\/types\/post"}],"author":[{"embeddable":true,"href":"https:\/\/www.chiesedisicilia.org\/chiesedisicilia\/news\/wp-json\/wp\/v2\/users\/1"}],"replies":[{"embeddable":true,"href":"https:\/\/www.chiesedisicilia.org\/chiesedisicilia\/news\/wp-json\/wp\/v2\/comments?post=3612"}],"version-history":[{"count":1,"href":"https:\/\/www.chiesedisicilia.org\/chiesedisicilia\/news\/wp-json\/wp\/v2\/posts\/3612\/revisions"}],"predecessor-version":[{"id":22089,"href":"https:\/\/www.chiesedisicilia.org\/chiesedisicilia\/news\/wp-json\/wp\/v2\/posts\/3612\/revisions\/22089"}],"wp:attachment":[{"href":"https:\/\/www.chiesedisicilia.org\/chiesedisicilia\/news\/wp-json\/wp\/v2\/media?parent=3612"}],"wp:term":[{"taxonomy":"category","embeddable":true,"href":"https:\/\/www.chiesedisicilia.org\/chiesedisicilia\/news\/wp-json\/wp\/v2\/categories?post=3612"},{"taxonomy":"post_tag","embeddable":true,"href":"https:\/\/www.chiesedisicilia.org\/chiesedisicilia\/news\/wp-json\/wp\/v2\/tags?post=3612"},{"taxonomy":"news-destination","embeddable":true,"href":"https:\/\/www.chiesedisicilia.org\/chiesedisicilia\/news\/wp-json\/wp\/v2\/news-destination?post=3612"},{"taxonomy":"news-source","embeddable":true,"href":"https:\/\/www.chiesedisicilia.org\/chiesedisicilia\/news\/wp-json\/wp\/v2\/news-source?post=3612"},{"taxonomy":"is_homepage","embeddable":true,"href":"https:\/\/www.chiesedisicilia.org\/chiesedisicilia\/news\/wp-json\/wp\/v2\/is_homepage?post=3612"},{"taxonomy":"ta_other","embeddable":true,"href":"https:\/\/www.chiesedisicilia.org\/chiesedisicilia\/news\/wp-json\/wp\/v2\/ta_other?post=3612"}],"curies":[{"name":"wp","href":"https:\/\/api.w.org\/{rel}","templated":true}]}}