{"id":3595,"date":"2014-10-17T12:28:00","date_gmt":"2014-10-17T10:28:00","guid":{"rendered":"http:\/\/wptestsite.tecnavia.com\/chiesedisicilia_clientsite\/news\/2014\/10\/17\/palermo-seminario-sono-50-i-giovani-accolti-in-via-incoronazione\/"},"modified":"2018-11-12T07:58:21","modified_gmt":"2018-01-16T07:58:21","slug":"palermo-seminario-sono-50-i-giovani-accolti-in-via-incoronazione","status":"publish","type":"post","link":"https:\/\/www.chiesedisicilia.org\/2014\/10\/17\/palermo-seminario-sono-50-i-giovani-accolti-in-via-incoronazione\/","title":{"rendered":"PALERMO. SEMINARIO: SONO 50 I GIOVANI ACCOLTI IN VIA INCORONAZIONE"},"content":{"rendered":"<p class=\"MsoNoSpacing\"><span style=\"font-size: medium;\"><span style=\"font-family: 'Times New Roman';\">Riprendono le attivit\u00e0 del Seminario arcivescovile. Quest&#8217;anno sono cinquanta i giovani seminaristi che si preparano al ministero ordinato, compresi alcuni che provengono dalle diocesi di Piana degli Albanesi, Cefal\u00f9, Mazara del Vallo e Trapani. Anche per quanto riguarda il propedeutico, il numero dei giovani ammessi \u00e8 abbastanza significativo. Sono, infatti, 17 di cui 10 dell&#8217;Arcidiocesi di Palermo e 7 provenienti dalle diocesi di Mazara del Vallo, Trapani e Cefal\u00f9.<br \/> A guidare i giovani nella formazione umana e spirituale, il rettore don Silvio Sgr\u00f3 che sar\u00e0 collaborato da don Giuseppe Tavolacci e don Francesco Galioto e dal padre spirituale don Giosu\u00e9 Lo Bue. Nel gruppo dei formatori quest&#8217;anno s&#8217;inserisce anche don Francesco Basiric\u00f2, gi\u00e0 rettore del seminario vescovile di Trapani, anche lui chiamato ad essere padre spirituale dei seminaristi. Animatore del propedeutico \u00e8 stato riconfermato don Fulvio Iervolino.<br \/> \u201cAnche quest\u2019anno l\u2019organizzazione del Seminario sar\u00e0 strutturata in bienni \u2013 spiega il rettore don Silvio Sgr\u00f2 \u2013 e questo per favorire l\u2019attenzione alle diverse fasi dell\u2019itinerario formativo della persona. Tra le attivit\u00e0 programmate nei rinnovati locali di via Incoronazione ormai pienamente fruibili ed arredati, grazie alla generosit\u00e0 di tanti benefattori abbiamo previsto l\u2019animazione vocazionale con i gruppi Karol e Immanuel che riprenderanno da domenica 26 ottobre e l\u2019adorazione Eucaristica settimanale, aperta a tutti, il mercoled\u00ec alle ore 21 nella cappella del Seminario.<\/span><\/span><\/p>\n<p class=\"MsoNoSpacing\"><span style=\"font-size: medium;\"><span style=\"font-family: 'Times New Roman';\">Un altro appuntamento importante rivolto a tutta l\u2019Arcidiocesi \u00e8 la Giornata Pro Seminario che quest\u2019anno si svolger\u00e0 per tutti i vicariati il 22 e 23 novembre in occasione della Solennit\u00e0 di Cristo, re dell\u2019Universo\u201d. [01]<\/span><\/span><span style=\"font-size:12.0pt;font-family:\"Times New Roman\",\"serif\"\"><o:p><\/o:p><\/span><\/p>\n","protected":false},"excerpt":{"rendered":"","protected":false},"author":1,"featured_media":0,"comment_status":"open","ping_status":"open","sticky":false,"template":"","format":"standard","meta":[],"categories":[30],"tags":[],"news-destination":[],"news-source":[],"is_homepage":[],"ta_other":[],"_links":{"self":[{"href":"https:\/\/www.chiesedisicilia.org\/chiesedisicilia\/news\/wp-json\/wp\/v2\/posts\/3595"}],"collection":[{"href":"https:\/\/www.chiesedisicilia.org\/chiesedisicilia\/news\/wp-json\/wp\/v2\/posts"}],"about":[{"href":"https:\/\/www.chiesedisicilia.org\/chiesedisicilia\/news\/wp-json\/wp\/v2\/types\/post"}],"author":[{"embeddable":true,"href":"https:\/\/www.chiesedisicilia.org\/chiesedisicilia\/news\/wp-json\/wp\/v2\/users\/1"}],"replies":[{"embeddable":true,"href":"https:\/\/www.chiesedisicilia.org\/chiesedisicilia\/news\/wp-json\/wp\/v2\/comments?post=3595"}],"version-history":[{"count":1,"href":"https:\/\/www.chiesedisicilia.org\/chiesedisicilia\/news\/wp-json\/wp\/v2\/posts\/3595\/revisions"}],"predecessor-version":[{"id":22069,"href":"https:\/\/www.chiesedisicilia.org\/chiesedisicilia\/news\/wp-json\/wp\/v2\/posts\/3595\/revisions\/22069"}],"wp:attachment":[{"href":"https:\/\/www.chiesedisicilia.org\/chiesedisicilia\/news\/wp-json\/wp\/v2\/media?parent=3595"}],"wp:term":[{"taxonomy":"category","embeddable":true,"href":"https:\/\/www.chiesedisicilia.org\/chiesedisicilia\/news\/wp-json\/wp\/v2\/categories?post=3595"},{"taxonomy":"post_tag","embeddable":true,"href":"https:\/\/www.chiesedisicilia.org\/chiesedisicilia\/news\/wp-json\/wp\/v2\/tags?post=3595"},{"taxonomy":"news-destination","embeddable":true,"href":"https:\/\/www.chiesedisicilia.org\/chiesedisicilia\/news\/wp-json\/wp\/v2\/news-destination?post=3595"},{"taxonomy":"news-source","embeddable":true,"href":"https:\/\/www.chiesedisicilia.org\/chiesedisicilia\/news\/wp-json\/wp\/v2\/news-source?post=3595"},{"taxonomy":"is_homepage","embeddable":true,"href":"https:\/\/www.chiesedisicilia.org\/chiesedisicilia\/news\/wp-json\/wp\/v2\/is_homepage?post=3595"},{"taxonomy":"ta_other","embeddable":true,"href":"https:\/\/www.chiesedisicilia.org\/chiesedisicilia\/news\/wp-json\/wp\/v2\/ta_other?post=3595"}],"curies":[{"name":"wp","href":"https:\/\/api.w.org\/{rel}","templated":true}]}}