{"id":3558,"date":"2014-06-26T12:17:00","date_gmt":"2014-06-26T10:17:00","guid":{"rendered":"http:\/\/wptestsite.tecnavia.com\/chiesedisicilia_clientsite\/news\/2014\/06\/26\/palermo-scuola-teologica-di-base-incontro-conclusivo-dei-docenti\/"},"modified":"2018-11-12T07:58:20","modified_gmt":"2018-01-16T07:58:20","slug":"palermo-scuola-teologica-di-base-incontro-conclusivo-dei-docenti","status":"publish","type":"post","link":"https:\/\/www.chiesedisicilia.org\/2014\/06\/26\/palermo-scuola-teologica-di-base-incontro-conclusivo-dei-docenti\/","title":{"rendered":"PALERMO. SCUOLA TEOLOGICA DI BASE: INCONTRO CONCLUSIVO DEI DOCENTI"},"content":{"rendered":"<p class=\"MsoNoSpacing\"><span style=\"font-size: medium;\"><span style=\"font-family: 'Times New Roman';\">Marted\u00ec 1 luglio, alle ore 9.30, presso l\u2019oasi diocesana \u201cCard. Salvatore Pappalardo\u201d di Baida, avr\u00e0 inizio il Collegio dei docenti della Scuola teologica di base. Dopo la relazione introduttiva del Direttore don Salvo Priola, saranno presentati i nuovi docenti, comunicati i nuovi Centri e nominati i rispettivi responsabili e assegnati gli insegnamenti. Seguiranno gli interventi dei docenti.<br \/> \u201cQuesto incontro conclusivo \u2013 dichiara don Priola &#8211; ci permetter\u00e0, come di consueto, di ritrovarci nel nome del Signore per sperimentare, nella fraternit\u00e0 gioiosa, la sua cura e la sua premura. Il Signore non ci lascia soli nel cammino; Egli cammina accanto a noi e ci benedice. Il nostro \u201ccanonico\u201d appuntamento ci consentir\u00e0 di guardare con serenit\u00e0 e sincerit\u00e0 alle attivit\u00e0 poste in essere durante l\u2019anno trascorso, per fare qualche momento di revisione, e al nuovo anno, che, com\u2019\u00e8 noto, riprender\u00e0 a partire dalla terza settimana di settembre. Questo nostro appuntamento \u00e8 di fondamentale importanza per tutti noi, perch\u00e9 ci mette nella condizione di dare avvio alle attivit\u00e0 scolastiche in modo ordinato e previdente\u201d. [01]<\/span><\/span><span style=\"font-size:12.0pt;font-family:\"Times New Roman\",\"serif\"\"><o:p><\/o:p><\/span><\/p>\n","protected":false},"excerpt":{"rendered":"","protected":false},"author":1,"featured_media":0,"comment_status":"open","ping_status":"open","sticky":false,"template":"","format":"standard","meta":[],"categories":[30],"tags":[],"news-destination":[],"news-source":[],"is_homepage":[],"ta_other":[],"_links":{"self":[{"href":"https:\/\/www.chiesedisicilia.org\/chiesedisicilia\/news\/wp-json\/wp\/v2\/posts\/3558"}],"collection":[{"href":"https:\/\/www.chiesedisicilia.org\/chiesedisicilia\/news\/wp-json\/wp\/v2\/posts"}],"about":[{"href":"https:\/\/www.chiesedisicilia.org\/chiesedisicilia\/news\/wp-json\/wp\/v2\/types\/post"}],"author":[{"embeddable":true,"href":"https:\/\/www.chiesedisicilia.org\/chiesedisicilia\/news\/wp-json\/wp\/v2\/users\/1"}],"replies":[{"embeddable":true,"href":"https:\/\/www.chiesedisicilia.org\/chiesedisicilia\/news\/wp-json\/wp\/v2\/comments?post=3558"}],"version-history":[{"count":1,"href":"https:\/\/www.chiesedisicilia.org\/chiesedisicilia\/news\/wp-json\/wp\/v2\/posts\/3558\/revisions"}],"predecessor-version":[{"id":22032,"href":"https:\/\/www.chiesedisicilia.org\/chiesedisicilia\/news\/wp-json\/wp\/v2\/posts\/3558\/revisions\/22032"}],"wp:attachment":[{"href":"https:\/\/www.chiesedisicilia.org\/chiesedisicilia\/news\/wp-json\/wp\/v2\/media?parent=3558"}],"wp:term":[{"taxonomy":"category","embeddable":true,"href":"https:\/\/www.chiesedisicilia.org\/chiesedisicilia\/news\/wp-json\/wp\/v2\/categories?post=3558"},{"taxonomy":"post_tag","embeddable":true,"href":"https:\/\/www.chiesedisicilia.org\/chiesedisicilia\/news\/wp-json\/wp\/v2\/tags?post=3558"},{"taxonomy":"news-destination","embeddable":true,"href":"https:\/\/www.chiesedisicilia.org\/chiesedisicilia\/news\/wp-json\/wp\/v2\/news-destination?post=3558"},{"taxonomy":"news-source","embeddable":true,"href":"https:\/\/www.chiesedisicilia.org\/chiesedisicilia\/news\/wp-json\/wp\/v2\/news-source?post=3558"},{"taxonomy":"is_homepage","embeddable":true,"href":"https:\/\/www.chiesedisicilia.org\/chiesedisicilia\/news\/wp-json\/wp\/v2\/is_homepage?post=3558"},{"taxonomy":"ta_other","embeddable":true,"href":"https:\/\/www.chiesedisicilia.org\/chiesedisicilia\/news\/wp-json\/wp\/v2\/ta_other?post=3558"}],"curies":[{"name":"wp","href":"https:\/\/api.w.org\/{rel}","templated":true}]}}