{"id":3550,"date":"2014-06-20T15:59:00","date_gmt":"2014-06-20T13:59:00","guid":{"rendered":"http:\/\/wptestsite.tecnavia.com\/chiesedisicilia_clientsite\/news\/2014\/06\/20\/palermo-immigrazione-visita-della-commissione-del-parlamento-federale-tedesco\/"},"modified":"2018-11-12T07:58:20","modified_gmt":"2018-01-16T07:58:20","slug":"palermo-immigrazione-visita-della-commissione-del-parlamento-federale-tedesco","status":"publish","type":"post","link":"https:\/\/www.chiesedisicilia.org\/2014\/06\/20\/palermo-immigrazione-visita-della-commissione-del-parlamento-federale-tedesco\/","title":{"rendered":"PALERMO. IMMIGRAZIONE: VISITA DELLA COMMISSIONE DEL PARLAMENTO FEDERALE TEDESCO"},"content":{"rendered":"<p class=\"MsoNoSpacing\"><span style=\"font-size: medium;\"><span style=\"font-family: 'Times New Roman';\">Mentre gli sbarchi di migranti continuano nei diversi porti della Sicilia &#8211; dal 1\u00b0 Gennaio ad oggi sono pi\u00f9 di 52.000 &#8211; una Commissione del Parlamento federale tedesco, composta da 8 onorevoli e guidata dall&#8217;on.le Gero Storjohann, \u00e8 arrivata a Palermo e rester\u00e0 in Sicilia fino al 17 Giugno per cogliere le problematiche vissute dalla Sicilia, le piste di soluzioni e le ripercussioni del fenomeno immigrazione in Germania.<\/span><\/span><span style=\"font-size:12.0pt;font-family:\"Times New Roman\",\"serif\"\"><o:p><\/o:p><\/span><\/p>\n<p class=\"MsoNoSpacing\"><span style=\"font-size: medium;\"><span style=\"font-family: 'Times New Roman';\">La Commissione \u00e8 ospite del console onorario della Repubblica Federale di Germania a Palermo, Vincenzo Militello, docente nella Facolt\u00e0 di Giurisprudenza dell&#8217;Universit\u00e0 di Palermo.<\/span><\/span><span style=\"font-size:12.0pt;font-family:\"Times New Roman\",\"serif\"\"><o:p><\/o:p><\/span><\/p>\n<p class=\"MsoNoSpacing\"><span style=\"font-size: medium;\"><span style=\"font-family: 'Times New Roman';\">La Commissione, oltre ad aver incontrato il Sindaco della Citt\u00e0 di Palermo Leoluca Orlando, \u00e8 stata ricevuta dal Viceprefetto della Citt\u00e0 ed alcuni funzionari dell&#8217;ufficio immigrazione.<\/span><\/span><span style=\"font-size:12.0pt;font-family:\"Times New Roman\",\"serif\"\"><o:p><\/o:p><\/span><\/p>\n<p class=\"MsoNoSpacing\"><span style=\"font-size: medium;\"><span style=\"font-family: 'Times New Roman';\">All&#8217;Universit\u00e0 si \u00e8, invece, svolto un incontro con Giuliani dell&#8217;UNCHR, che ha parlato delle migrazioni forzate e sul fenomeno dell&#8217;immigrazione dei minori non accompagnati. E&#8217; stato sottolineato il grande sforzo dell&#8217;Italia con l&#8217;operazione Mare nostrum&#8221; che ha salvato migliaia di vita umane ed il ruolo importante che sta svolgendo la Caritas nella prima accoglienza. <\/span><\/span><span style=\"font-size:12.0pt;font-family:\"Times New Roman\",\"serif\"\"><o:p><\/o:p><\/span><\/p>\n<p class=\"MsoNoSpacing\"><span style=\"font-size: medium;\"><span style=\"font-family: 'Times New Roman';\">Padre Sergio Natoli omi ha svolto una breve relazione sulle migrazioni economiche toccando in particolar modo i temi dell&#8217;intercultura ed illustrando il progetto &#8220;Arcobaleno di popoli&#8221; come una modalit\u00e0 operativa per aiutare tutti, migranti e nativi, a vivere in armonia nel medesimo territorio evitando forme di massificazioni e di isolamenti ghettazzanti. La Commissione dopo la visita del CARA di Caltanissetta rientrer\u00e0 in Germania.<\/span><\/span><span style=\"font-size:12.0pt;font-family:\"Times New Roman\",\"serif\"\"><o:p><\/o:p><\/span><\/p>\n<p class=\"MsoNoSpacing\"><span style=\"font-size: medium;\"><span style=\"font-family: 'Times New Roman';\">L&#8217;impressione dell&#8217;incontro \u00e8 molto positiva nell&#8217;ottica di dare un piccolo contributo allo scambio e della ricerca di operativit\u00e0 condivise a favore di quanti decidono di affrontare la mobilit\u00e0 per avere una speranza di vita ed un futuro migliore.<\/span><\/span><span style=\"font-size:12.0pt;font-family:\"Times New Roman\",\"serif\"\"><o:p><\/o:p><\/span><\/p>\n<p class=\"MsoNoSpacing\"><span style=\"font-size: medium;\"><span style=\"font-family: 'Times New Roman';\">L&#8217;incontro fa seguito ad un altro simile incontro, sempre organizzato da Militello, avuto nel febbraio scorso con un gruppo di Parlamentari del Baden Wuerttemberg. [01]<\/span><\/span><span style=\"font-size:12.0pt;font-family:\"Times New Roman\",\"serif\"\"><o:p><\/o:p><\/span><\/p>\n","protected":false},"excerpt":{"rendered":"","protected":false},"author":1,"featured_media":0,"comment_status":"open","ping_status":"open","sticky":false,"template":"","format":"standard","meta":[],"categories":[30],"tags":[],"news-destination":[],"news-source":[],"is_homepage":[],"ta_other":[],"_links":{"self":[{"href":"https:\/\/www.chiesedisicilia.org\/chiesedisicilia\/news\/wp-json\/wp\/v2\/posts\/3550"}],"collection":[{"href":"https:\/\/www.chiesedisicilia.org\/chiesedisicilia\/news\/wp-json\/wp\/v2\/posts"}],"about":[{"href":"https:\/\/www.chiesedisicilia.org\/chiesedisicilia\/news\/wp-json\/wp\/v2\/types\/post"}],"author":[{"embeddable":true,"href":"https:\/\/www.chiesedisicilia.org\/chiesedisicilia\/news\/wp-json\/wp\/v2\/users\/1"}],"replies":[{"embeddable":true,"href":"https:\/\/www.chiesedisicilia.org\/chiesedisicilia\/news\/wp-json\/wp\/v2\/comments?post=3550"}],"version-history":[{"count":1,"href":"https:\/\/www.chiesedisicilia.org\/chiesedisicilia\/news\/wp-json\/wp\/v2\/posts\/3550\/revisions"}],"predecessor-version":[{"id":22024,"href":"https:\/\/www.chiesedisicilia.org\/chiesedisicilia\/news\/wp-json\/wp\/v2\/posts\/3550\/revisions\/22024"}],"wp:attachment":[{"href":"https:\/\/www.chiesedisicilia.org\/chiesedisicilia\/news\/wp-json\/wp\/v2\/media?parent=3550"}],"wp:term":[{"taxonomy":"category","embeddable":true,"href":"https:\/\/www.chiesedisicilia.org\/chiesedisicilia\/news\/wp-json\/wp\/v2\/categories?post=3550"},{"taxonomy":"post_tag","embeddable":true,"href":"https:\/\/www.chiesedisicilia.org\/chiesedisicilia\/news\/wp-json\/wp\/v2\/tags?post=3550"},{"taxonomy":"news-destination","embeddable":true,"href":"https:\/\/www.chiesedisicilia.org\/chiesedisicilia\/news\/wp-json\/wp\/v2\/news-destination?post=3550"},{"taxonomy":"news-source","embeddable":true,"href":"https:\/\/www.chiesedisicilia.org\/chiesedisicilia\/news\/wp-json\/wp\/v2\/news-source?post=3550"},{"taxonomy":"is_homepage","embeddable":true,"href":"https:\/\/www.chiesedisicilia.org\/chiesedisicilia\/news\/wp-json\/wp\/v2\/is_homepage?post=3550"},{"taxonomy":"ta_other","embeddable":true,"href":"https:\/\/www.chiesedisicilia.org\/chiesedisicilia\/news\/wp-json\/wp\/v2\/ta_other?post=3550"}],"curies":[{"name":"wp","href":"https:\/\/api.w.org\/{rel}","templated":true}]}}