{"id":3432,"date":"2013-09-30T14:00:00","date_gmt":"2013-09-30T12:00:00","guid":{"rendered":"http:\/\/wptestsite.tecnavia.com\/chiesedisicilia_clientsite\/news\/2013\/09\/30\/palermo-educati-dal-vangelo-alla-cultura-del-dono\/"},"modified":"2018-11-12T07:58:17","modified_gmt":"2018-01-16T07:58:17","slug":"palermo-educati-dal-vangelo-alla-cultura-del-dono","status":"publish","type":"post","link":"https:\/\/www.chiesedisicilia.org\/2013\/09\/30\/palermo-educati-dal-vangelo-alla-cultura-del-dono\/","title":{"rendered":"PALERMO. EDUCATI DAL VANGELO ALLA CULTURA DEL DONO"},"content":{"rendered":"<div>&#8220;Educati dal Vangelo alla cultura del dono&#8221; \u00e8 il tema sul quale sono chiamati a riflettere gli operatori di pastorale della salute della diocesi Palermo durante il prossimo anno pastorale 2013-2014.<\/div>\n<div>Il primo incontro unitario, che chiamer\u00e0 a raccolta tutte le realt\u00e0 ecclesiali operanti nel settore e impegnate al servizio della persona sofferente, si terr\u00e0 giorno 9 Ottobre \u00a0presso il Centro Polivalente &#8220;Madre del Divino Amore&#8221; a Palermo.\u00a0<\/div>\n<div>Interverr\u00e0 \u00a0don Carmine Arice, direttore dell&#8217;Ufficio Nazionale di Pastorale della Salute.\u00a0<\/div>\n<div>Per ulteriori informazioni \u00e8 possibile rivolgersi al direttore della pastorale diocesana, dott.ssa Paola Geraci, telefonando allo 091\/7026492<\/div>\n<div>\u00a0<\/div>\n<div>\u00a0<\/div>\n","protected":false},"excerpt":{"rendered":"","protected":false},"author":1,"featured_media":0,"comment_status":"open","ping_status":"open","sticky":false,"template":"","format":"standard","meta":[],"categories":[30],"tags":[],"news-destination":[],"news-source":[],"is_homepage":[],"ta_other":[],"_links":{"self":[{"href":"https:\/\/www.chiesedisicilia.org\/chiesedisicilia\/news\/wp-json\/wp\/v2\/posts\/3432"}],"collection":[{"href":"https:\/\/www.chiesedisicilia.org\/chiesedisicilia\/news\/wp-json\/wp\/v2\/posts"}],"about":[{"href":"https:\/\/www.chiesedisicilia.org\/chiesedisicilia\/news\/wp-json\/wp\/v2\/types\/post"}],"author":[{"embeddable":true,"href":"https:\/\/www.chiesedisicilia.org\/chiesedisicilia\/news\/wp-json\/wp\/v2\/users\/1"}],"replies":[{"embeddable":true,"href":"https:\/\/www.chiesedisicilia.org\/chiesedisicilia\/news\/wp-json\/wp\/v2\/comments?post=3432"}],"version-history":[{"count":1,"href":"https:\/\/www.chiesedisicilia.org\/chiesedisicilia\/news\/wp-json\/wp\/v2\/posts\/3432\/revisions"}],"predecessor-version":[{"id":21906,"href":"https:\/\/www.chiesedisicilia.org\/chiesedisicilia\/news\/wp-json\/wp\/v2\/posts\/3432\/revisions\/21906"}],"wp:attachment":[{"href":"https:\/\/www.chiesedisicilia.org\/chiesedisicilia\/news\/wp-json\/wp\/v2\/media?parent=3432"}],"wp:term":[{"taxonomy":"category","embeddable":true,"href":"https:\/\/www.chiesedisicilia.org\/chiesedisicilia\/news\/wp-json\/wp\/v2\/categories?post=3432"},{"taxonomy":"post_tag","embeddable":true,"href":"https:\/\/www.chiesedisicilia.org\/chiesedisicilia\/news\/wp-json\/wp\/v2\/tags?post=3432"},{"taxonomy":"news-destination","embeddable":true,"href":"https:\/\/www.chiesedisicilia.org\/chiesedisicilia\/news\/wp-json\/wp\/v2\/news-destination?post=3432"},{"taxonomy":"news-source","embeddable":true,"href":"https:\/\/www.chiesedisicilia.org\/chiesedisicilia\/news\/wp-json\/wp\/v2\/news-source?post=3432"},{"taxonomy":"is_homepage","embeddable":true,"href":"https:\/\/www.chiesedisicilia.org\/chiesedisicilia\/news\/wp-json\/wp\/v2\/is_homepage?post=3432"},{"taxonomy":"ta_other","embeddable":true,"href":"https:\/\/www.chiesedisicilia.org\/chiesedisicilia\/news\/wp-json\/wp\/v2\/ta_other?post=3432"}],"curies":[{"name":"wp","href":"https:\/\/api.w.org\/{rel}","templated":true}]}}