{"id":3427,"date":"2013-09-05T10:59:00","date_gmt":"2013-09-05T08:59:00","guid":{"rendered":"http:\/\/wptestsite.tecnavia.com\/chiesedisicilia_clientsite\/news\/2013\/09\/05\/palermo-la-famiglia-educa-alla-custodia-del-creato\/"},"modified":"2018-11-12T07:58:17","modified_gmt":"2018-01-16T07:58:17","slug":"palermo-la-famiglia-educa-alla-custodia-del-creato","status":"publish","type":"post","link":"https:\/\/www.chiesedisicilia.org\/2013\/09\/05\/palermo-la-famiglia-educa-alla-custodia-del-creato\/","title":{"rendered":"PALERMO. \u201cLA FAMIGLIA EDUCA ALLA CUSTODIA DEL CREATO\u201d"},"content":{"rendered":"<p class=\"MsoNormal\"><span style=\"font-size: medium;\"><span style=\"font-family: 'Times New Roman';\">L\u2019Ufficio per la Pastorale sociale e il Lavoro, insieme con la Caritas e gli Uffici per la Famiglia, Giovani, Cultura, Salute, Ecumenismo, propongono &#8220;un percorso di riflessione ed assunzione di impegno su stili di vita coerenti con la salvaguardia del Creato&#8221;.<\/span><\/span><\/p>\n<p class=\"MsoNormal\"><span style=\"font-size: medium;\"><span style=\"font-family: 'Times New Roman';\">La prima tappa domenica 1 settembre, in occasione dell\u20198\u00b0 Giornata per la Salvaguardia del creato, focalizza l\u2019attenzione sul tema proposto dai Vescovi: \u201cLa famiglia educa alla custodia del creato\u201d.<\/span><\/span><\/p>\n<p class=\"MsoNormal\"><span style=\"font-size: medium;\"><span style=\"font-family: 'Times New Roman';\">\u201cIl programma degli eventi \u2013 si legge in una nota stampa &#8211; prevede, oltre ai momenti di discernimento, anche occasioni di contatto e conoscenza della natura, dei suoi meccanismi e delle conseguenze nel bene e nel male del nostro agire\u201d. Ad aprire l\u2019appuntamento, infatti, alle ore 7.30, una escursione sul monte Pellegrino, con la visita ai luoghi di Santa Rosalia e, alle 10, la Santa Messa per il Creato al Santuario di Santa Rosalia presieduta da mons. Carmelo Cuttitta, Vescovo ausiliare dell\u2019Arcidiocesi di Palermo.<\/span><\/span><\/p>\n<p class=\"MsoNormal\"><span style=\"font-size: medium;\"><span style=\"font-family: 'Times New Roman';\">Il percorso si concluder\u00e0 con un evento, in programma sabato 5 ottobre che coinvolger\u00e0 al parco Cassar\u00e0 \u201cgrande spazio, strappato alla cementificazione e restituito al godimento ed alla salute dei cittadini\u201d quanti pi\u00f9 enti, gruppi ed associazioni operano a Palermo in favore della salvaguardia del creato \u201cper incontrare le famiglie e sensibilizzarle a praticare stili di vita rispettosi della custodia del creato, nella coerenza del vissuto che sia il miglior modo per educare la societ\u00e0 tutta e le nuove generazioni\u201d. L\u2019appuntamento prevede mostre, laboratori, animazione, incontri, giochi e convivialit\u00e0 sul tema. [01]<\/span><\/span><\/p>\n","protected":false},"excerpt":{"rendered":"","protected":false},"author":1,"featured_media":0,"comment_status":"open","ping_status":"open","sticky":false,"template":"","format":"standard","meta":[],"categories":[30],"tags":[],"news-destination":[],"news-source":[],"is_homepage":[],"ta_other":[],"_links":{"self":[{"href":"https:\/\/www.chiesedisicilia.org\/chiesedisicilia\/news\/wp-json\/wp\/v2\/posts\/3427"}],"collection":[{"href":"https:\/\/www.chiesedisicilia.org\/chiesedisicilia\/news\/wp-json\/wp\/v2\/posts"}],"about":[{"href":"https:\/\/www.chiesedisicilia.org\/chiesedisicilia\/news\/wp-json\/wp\/v2\/types\/post"}],"author":[{"embeddable":true,"href":"https:\/\/www.chiesedisicilia.org\/chiesedisicilia\/news\/wp-json\/wp\/v2\/users\/1"}],"replies":[{"embeddable":true,"href":"https:\/\/www.chiesedisicilia.org\/chiesedisicilia\/news\/wp-json\/wp\/v2\/comments?post=3427"}],"version-history":[{"count":1,"href":"https:\/\/www.chiesedisicilia.org\/chiesedisicilia\/news\/wp-json\/wp\/v2\/posts\/3427\/revisions"}],"predecessor-version":[{"id":21901,"href":"https:\/\/www.chiesedisicilia.org\/chiesedisicilia\/news\/wp-json\/wp\/v2\/posts\/3427\/revisions\/21901"}],"wp:attachment":[{"href":"https:\/\/www.chiesedisicilia.org\/chiesedisicilia\/news\/wp-json\/wp\/v2\/media?parent=3427"}],"wp:term":[{"taxonomy":"category","embeddable":true,"href":"https:\/\/www.chiesedisicilia.org\/chiesedisicilia\/news\/wp-json\/wp\/v2\/categories?post=3427"},{"taxonomy":"post_tag","embeddable":true,"href":"https:\/\/www.chiesedisicilia.org\/chiesedisicilia\/news\/wp-json\/wp\/v2\/tags?post=3427"},{"taxonomy":"news-destination","embeddable":true,"href":"https:\/\/www.chiesedisicilia.org\/chiesedisicilia\/news\/wp-json\/wp\/v2\/news-destination?post=3427"},{"taxonomy":"news-source","embeddable":true,"href":"https:\/\/www.chiesedisicilia.org\/chiesedisicilia\/news\/wp-json\/wp\/v2\/news-source?post=3427"},{"taxonomy":"is_homepage","embeddable":true,"href":"https:\/\/www.chiesedisicilia.org\/chiesedisicilia\/news\/wp-json\/wp\/v2\/is_homepage?post=3427"},{"taxonomy":"ta_other","embeddable":true,"href":"https:\/\/www.chiesedisicilia.org\/chiesedisicilia\/news\/wp-json\/wp\/v2\/ta_other?post=3427"}],"curies":[{"name":"wp","href":"https:\/\/api.w.org\/{rel}","templated":true}]}}