{"id":3399,"date":"2013-05-09T20:04:00","date_gmt":"2013-05-09T18:04:00","guid":{"rendered":"http:\/\/wptestsite.tecnavia.com\/chiesedisicilia_clientsite\/news\/2013\/05\/09\/palermo-beatificazione-di-p-puglisi-la-cerimonia-spostata-al-foro-italico\/"},"modified":"2018-11-12T07:58:14","modified_gmt":"2018-01-16T07:58:14","slug":"palermo-beatificazione-di-p-puglisi-la-cerimonia-spostata-al-foro-italico","status":"publish","type":"post","link":"https:\/\/www.chiesedisicilia.org\/2013\/05\/09\/palermo-beatificazione-di-p-puglisi-la-cerimonia-spostata-al-foro-italico\/","title":{"rendered":"PALERMO. BEATIFICAZIONE DI P. PUGLISI: LA CERIMONIA SPOSTATA AL FORO ITALICO"},"content":{"rendered":"<p class=\"MsoNormal\"><span style=\"font-family: 'Times New Roman';\"><span style=\"font-size: 12pt;\">Sono oltre 60.000 le prenotazioni gi\u00e0 pervenute alla Curia arcivescovile di Palermo per partecipare al rito di Beatificazione di padre Pino Puglisi, a fronte dei 36.600 posti disponibili allo stadio Barbera dove era prevista la celebrazione il prossimo 25 maggio ed allora la Curia ha deciso di spostare la location al Foro italico, dove nel 2010 venne accolto il Santo Padre Benedetto XVI.<br \/> \u201cNei prossimi giorni certamente le adesioni all\u2019importante momento che tutti attendiamo con cuore pieno di gioia &#8211; dice il Vescovo ausiliare, mons. Carmelo Cuttitta \u2013 e per permettere a tutti di partecipare concretamente e non solo attraverso i maxi schermi, abbiamo deciso di spostare la celebrazione in un luogo pi\u00f9 ampio\u201d. Al Foro italico potranno accedere tutti senza bisogno di pass, mentre i posti a sedere saranno riservati agli oltre 500 presbiteri e diaconi, i disabili e le autorit\u00e0 e tra queste il presidente del Senato, Pietro Grasso, e il vicepresidente del Consiglio dei ministri, Angelino Alfano, che hanno gi\u00e0 dato la loro adesione.<br \/> \u201cDa quando il Santo Padre ha riconosciuto padre Puglisi come martire della fede, si sono intensificati i momenti di preghiera e di riflessione \u00a0\u2013 aggiunge il cardinale Paolo Romeo \u2013 ed \u00e8 bello vedere come intorno a questo momento tanto atteso si mobiliti prontamente non solo la Chiesa, ma anche la politica e la burocrazia\u201d. Il prossimo 25 maggio, dunque, al Foro italico la celebrazione avr\u00e0 inizio alle ore 10.30. La Messa verr\u00e0 presieduta dal cardinale Paolo Romeo, mentre il rito di Beatificazione dal cardinale Salvatore De Giorgi, delegato dal Santo Padre. Subito dopo la proclamazione verr\u00e0 scoperta la gigantografia di padre Puglisi e verr\u00e0 introdotto il reliquiario, opera di orafi palermitani che riprende le guglie della Cattedrale di Palermo e il campanile, contenente un pezzo di costola prelevato al momento dell\u2019estumulazione della salma. \u201cCi tengo a precisare che il resto del corpo non \u00e8 stato toccato. Abbiamo soltanto prelevato questo pezzo di costola ed alcuni tessuti contenuti nella cassa \u00a0\u2013 \u00a0continua mons. Cuttitta \u2013, mentrre la reliquia rimarr\u00e0 comunque esposta alla venerazione dei fedeli. In Sicilia sono gi\u00e0 quattro le parrocchie che ci hanno chiesto la reliquia per la celebrazione della Messa\u201d.<br \/> Il crocifisso che campegger\u00e0 accanto all\u2019altare sar\u00e0 quello della chiesa dell\u2019Olivella, &#8216;U Signuruzzu&#8217;, lo stesso che fu utilizzato nel 1982 quando Papa Wojtila celebr\u00f2 la messa all&#8217;ippodromo nel 1995. La celebrazione eucaristica sar\u00e0 animata da due cori: uno polifonico, composto da 250 coristi e diretto dal maestro Mauro Visconti, e uno di supporto all\u2019assemblea di oltre 600 elementi. Tutti i canti della celebrazione sono stati composti dallo stesso Mario Visconti, mentre il Gloria, il Signore Piet\u00e0 e il Santo saranno quelli cantati per la messa presieduta da Benedetto XVI nell\u2019ottobre del 2010.<br \/> Oltre alla celebrazione del 25 maggio ci saranno altri due avvenimenti di grande importanza: la veglia di preghiera che si terr\u00e0 il 24 maggio a Brancaccio, nel terreno confiscato alla mafia in cui verr\u00e0 edificato il nuovo complesso parrocchiale dedicato al beato Puglisi, e la Messa di ringraziamento che sar\u00e0 celebrata in Cattedrale domenica 26 maggio. Durante la veglia verr\u00e0 dedicato un inno al parroco ucciso dalla mafia, composto da don Giuseppe Bruno e dal fratello Daniele. Alla fine del momento di preghiera ci sar\u00e0 una serata di animazione per i giovani presentata da Massimo Minutella e Salvo La Rosa alla quale parteciperanno alcuni artisti locali. [01]<\/span><\/span><span style=\"font-size:12.0pt;font-family:\"Times New Roman\",\"serif\"\"><o:p><\/o:p><\/span><\/p>\n","protected":false},"excerpt":{"rendered":"","protected":false},"author":1,"featured_media":0,"comment_status":"open","ping_status":"open","sticky":false,"template":"","format":"standard","meta":[],"categories":[30],"tags":[],"news-destination":[],"news-source":[],"is_homepage":[],"ta_other":[],"_links":{"self":[{"href":"https:\/\/www.chiesedisicilia.org\/chiesedisicilia\/news\/wp-json\/wp\/v2\/posts\/3399"}],"collection":[{"href":"https:\/\/www.chiesedisicilia.org\/chiesedisicilia\/news\/wp-json\/wp\/v2\/posts"}],"about":[{"href":"https:\/\/www.chiesedisicilia.org\/chiesedisicilia\/news\/wp-json\/wp\/v2\/types\/post"}],"author":[{"embeddable":true,"href":"https:\/\/www.chiesedisicilia.org\/chiesedisicilia\/news\/wp-json\/wp\/v2\/users\/1"}],"replies":[{"embeddable":true,"href":"https:\/\/www.chiesedisicilia.org\/chiesedisicilia\/news\/wp-json\/wp\/v2\/comments?post=3399"}],"version-history":[{"count":1,"href":"https:\/\/www.chiesedisicilia.org\/chiesedisicilia\/news\/wp-json\/wp\/v2\/posts\/3399\/revisions"}],"predecessor-version":[{"id":21875,"href":"https:\/\/www.chiesedisicilia.org\/chiesedisicilia\/news\/wp-json\/wp\/v2\/posts\/3399\/revisions\/21875"}],"wp:attachment":[{"href":"https:\/\/www.chiesedisicilia.org\/chiesedisicilia\/news\/wp-json\/wp\/v2\/media?parent=3399"}],"wp:term":[{"taxonomy":"category","embeddable":true,"href":"https:\/\/www.chiesedisicilia.org\/chiesedisicilia\/news\/wp-json\/wp\/v2\/categories?post=3399"},{"taxonomy":"post_tag","embeddable":true,"href":"https:\/\/www.chiesedisicilia.org\/chiesedisicilia\/news\/wp-json\/wp\/v2\/tags?post=3399"},{"taxonomy":"news-destination","embeddable":true,"href":"https:\/\/www.chiesedisicilia.org\/chiesedisicilia\/news\/wp-json\/wp\/v2\/news-destination?post=3399"},{"taxonomy":"news-source","embeddable":true,"href":"https:\/\/www.chiesedisicilia.org\/chiesedisicilia\/news\/wp-json\/wp\/v2\/news-source?post=3399"},{"taxonomy":"is_homepage","embeddable":true,"href":"https:\/\/www.chiesedisicilia.org\/chiesedisicilia\/news\/wp-json\/wp\/v2\/is_homepage?post=3399"},{"taxonomy":"ta_other","embeddable":true,"href":"https:\/\/www.chiesedisicilia.org\/chiesedisicilia\/news\/wp-json\/wp\/v2\/ta_other?post=3399"}],"curies":[{"name":"wp","href":"https:\/\/api.w.org\/{rel}","templated":true}]}}