{"id":3389,"date":"2013-05-02T11:49:00","date_gmt":"2013-05-02T09:49:00","guid":{"rendered":"http:\/\/wptestsite.tecnavia.com\/chiesedisicilia_clientsite\/news\/2013\/05\/02\/palermo-scuola-teologica-di-base-approfondimento-mariano\/"},"modified":"2018-11-12T07:58:14","modified_gmt":"2018-01-16T07:58:14","slug":"palermo-scuola-teologica-di-base-approfondimento-mariano","status":"publish","type":"post","link":"https:\/\/www.chiesedisicilia.org\/2013\/05\/02\/palermo-scuola-teologica-di-base-approfondimento-mariano\/","title":{"rendered":"PALERMO. SCUOLA TEOLOGICA DI BASE: APPROFONDIMENTO MARIANO"},"content":{"rendered":"<div><span style=\"font-family: 'Times New Roman';\"><span style=\"font-size: 12pt;\">\u201cTheotokos. Alle origini dell\u2019iconografia mariana\u201d \u00e8 il titolo della relazione che sar\u00e0 tenuta da Francesca Paola Massara, docente presso la Facolt\u00e0 teologica di Sicilia, al Santuario di Altavilla Milicia oggi, sabato 4 maggio, alle ore 16.30. L\u2019incontro di approfondimento mariano \u00e8 stato organizzato dalla Scuola teologica di base.<\/span><\/span><\/div>\n<div><span style=\"font-family: 'Times New Roman';\"><span style=\"font-size: 12pt;\">\u201cLa Comunit\u00e0 scolastica vive anche di questi momenti arricchenti e significativi \u2013 afferma il direttore don Salvo Priola della Scuola &#8211; sia per gli aspetti intrinseci, sia per l\u2019occasione di incontro che si verifica\u201d. [01]<\/span><\/span><\/div>\n<p class=\"MsoNormal\"><span style=\"font-size:12.0pt;font-family:\"Times New Roman\",\"serif\"\"><o:p><\/o:p><\/span><\/p>\n","protected":false},"excerpt":{"rendered":"","protected":false},"author":1,"featured_media":0,"comment_status":"open","ping_status":"open","sticky":false,"template":"","format":"standard","meta":[],"categories":[30],"tags":[],"news-destination":[],"news-source":[],"is_homepage":[],"ta_other":[],"_links":{"self":[{"href":"https:\/\/www.chiesedisicilia.org\/chiesedisicilia\/news\/wp-json\/wp\/v2\/posts\/3389"}],"collection":[{"href":"https:\/\/www.chiesedisicilia.org\/chiesedisicilia\/news\/wp-json\/wp\/v2\/posts"}],"about":[{"href":"https:\/\/www.chiesedisicilia.org\/chiesedisicilia\/news\/wp-json\/wp\/v2\/types\/post"}],"author":[{"embeddable":true,"href":"https:\/\/www.chiesedisicilia.org\/chiesedisicilia\/news\/wp-json\/wp\/v2\/users\/1"}],"replies":[{"embeddable":true,"href":"https:\/\/www.chiesedisicilia.org\/chiesedisicilia\/news\/wp-json\/wp\/v2\/comments?post=3389"}],"version-history":[{"count":1,"href":"https:\/\/www.chiesedisicilia.org\/chiesedisicilia\/news\/wp-json\/wp\/v2\/posts\/3389\/revisions"}],"predecessor-version":[{"id":21865,"href":"https:\/\/www.chiesedisicilia.org\/chiesedisicilia\/news\/wp-json\/wp\/v2\/posts\/3389\/revisions\/21865"}],"wp:attachment":[{"href":"https:\/\/www.chiesedisicilia.org\/chiesedisicilia\/news\/wp-json\/wp\/v2\/media?parent=3389"}],"wp:term":[{"taxonomy":"category","embeddable":true,"href":"https:\/\/www.chiesedisicilia.org\/chiesedisicilia\/news\/wp-json\/wp\/v2\/categories?post=3389"},{"taxonomy":"post_tag","embeddable":true,"href":"https:\/\/www.chiesedisicilia.org\/chiesedisicilia\/news\/wp-json\/wp\/v2\/tags?post=3389"},{"taxonomy":"news-destination","embeddable":true,"href":"https:\/\/www.chiesedisicilia.org\/chiesedisicilia\/news\/wp-json\/wp\/v2\/news-destination?post=3389"},{"taxonomy":"news-source","embeddable":true,"href":"https:\/\/www.chiesedisicilia.org\/chiesedisicilia\/news\/wp-json\/wp\/v2\/news-source?post=3389"},{"taxonomy":"is_homepage","embeddable":true,"href":"https:\/\/www.chiesedisicilia.org\/chiesedisicilia\/news\/wp-json\/wp\/v2\/is_homepage?post=3389"},{"taxonomy":"ta_other","embeddable":true,"href":"https:\/\/www.chiesedisicilia.org\/chiesedisicilia\/news\/wp-json\/wp\/v2\/ta_other?post=3389"}],"curies":[{"name":"wp","href":"https:\/\/api.w.org\/{rel}","templated":true}]}}