{"id":3384,"date":"2013-04-22T13:37:00","date_gmt":"2013-04-22T11:37:00","guid":{"rendered":"http:\/\/wptestsite.tecnavia.com\/chiesedisicilia_clientsite\/news\/2013\/04\/22\/palermo-francescani-incontro-regionale-delle-famiglie-e-delle-coppie\/"},"modified":"2018-11-12T07:58:14","modified_gmt":"2018-01-16T07:58:14","slug":"palermo-francescani-incontro-regionale-delle-famiglie-e-delle-coppie","status":"publish","type":"post","link":"https:\/\/www.chiesedisicilia.org\/2013\/04\/22\/palermo-francescani-incontro-regionale-delle-famiglie-e-delle-coppie\/","title":{"rendered":"PALERMO. FRANCESCANI: INCONTRO REGIONALE DELLE FAMIGLIE E DELLE COPPIE"},"content":{"rendered":"<div><span style=\"font-family: 'Times New Roman';\"><span style=\"font-size: 12pt;\">Oggi e domani, sabato 20 e domenica 21 Aprile, ad Isola delle Femmine (PA), si svolge l\u2019incontro regionale delle famiglie e delle coppie francescane. L\u2019appuntamento, giunto alla 5\u00b0 edizione, ha per titolo \u201cCome a Cana\u201d.<\/span><\/span><\/div>\n<div><span style=\"font-family: 'Times New Roman';\"><span style=\"font-size: 12pt;\">\u201cIn quest\u2019anno della Fede \u2013 spiega il Ministro regionale Pietro Calogero La Monica, Ofs &#8211; l\u2019appuntamento avr\u00e0 una particolare valenza ed un indubbio significato, difatti la consapevolezza che l\u2019amore sponsale \u00e8 la culla che Dio ha scelto per deporre il Suo amore in un mondo rinnovato in Cristo ci sprona a coltivare la fiducia e la speranza nel futuro, nonostante le difficolt\u00e0 e le croci di ogni giorno. Bisogna dare un\u2019impostazione cristiana alla vita ed ai problemi familiari e trasmettere ai figli il rispetto per la vita, il senso della solidariet\u00e0 e l\u2019amore per il Creato. Tutti\u00a0 elementi che sono il seme del vivere cristiano e francescano e che debbono essere posti in essere senza indugio e con coraggio\u201d.<\/span><\/span><\/div>\n<div><span style=\"font-family: 'Times New Roman';\"><span style=\"font-size: 12pt;\" times=\"\" new=\"\">Oggi, dopo l\u2019accoglienza ed il saluto del Ministro regionale, sotto la presidenza di fra Maurizio Sierna Ofm Capp. si terr\u00e0\u00a0 un momento di preghiera. A seguire una relazione dal tema \u201cNoi stessi abbiamo udito e sappiamo che questi \u00e8 veramente il Salvatore del mondo\u201d (Gv 4,42b), a cura di fra Salvatore Russo Ofm Capp. componente del team pastorale regionale del Movimento ecclesiale \u201cIncontro matrimoniale\u201d Sicilia meridionale.<br \/> Successivamente \u00e8 prevista una seconda relazione dal titolo\u00a0\u201cQuesta \u00e8 la fiducia che abbiamo in Lui: qualunque cosa gli chiediamo secondo la sua volont\u00e0, egli ci ascolta\u201d (1Gv 5,14)\u00a0 che sar\u00e0 tenuta dai coniugi\u00a0 Pino e Lorena Busacca, direttori dell\u2019Ufficio regionale di Pastorale familiare della Conferenza Episcopale Siciliana. A seguire i vespri presieduti da fra Salvino Pulizzotto Ofm Conv. Dopo\u00a0 la\u00a0 cena si avr\u00e0\u00a0 un momento di fraternit\u00e0, in ascolto di Pietro e Rosanna Barbara dell\u2019Ofs Santa Elisabetta di Trapani ed un momento di gioia e di condivisione di specialit\u00e0 dolciarie siciliane.<br \/> Domani, domenica 21 Aprile, dopo la celebrazione delle Lodi presiedute da \u00a0fra Antonio Vitanza Ofm, delegato Ofs d\u2019Italia nel Forum delle Associazioni Familiari, nonch\u00e9 referente nazionale della Pastorale familiare francescana, toccher\u00e0 a Giuseppe Trovatello OFS presentare le \u201cLinee guida per una Pastorale familiare francescana\u201d.<br \/> In seguito si svolgeranno i Laboratori fraterni e sar\u00e0 celebrata Messa, presieduta da mons. Luigi Bommarito, Arcivescovo emerito di Catania, durante la quale \u00e8 previsto il rinnovo delle promesse matrimoniali. Dopo il pranzo ci sar\u00e0 il confronto in assemblea e sar\u00e0 consegnato il\u00a0 mandato. [01]<\/span><\/span><span style=\"font-size:12.0pt;font-family:\" times=\"\" new=\"\"><o:p><\/o:p><\/span><\/div>\n","protected":false},"excerpt":{"rendered":"","protected":false},"author":1,"featured_media":0,"comment_status":"open","ping_status":"open","sticky":false,"template":"","format":"standard","meta":[],"categories":[30],"tags":[],"news-destination":[],"news-source":[],"is_homepage":[],"ta_other":[],"_links":{"self":[{"href":"https:\/\/www.chiesedisicilia.org\/chiesedisicilia\/news\/wp-json\/wp\/v2\/posts\/3384"}],"collection":[{"href":"https:\/\/www.chiesedisicilia.org\/chiesedisicilia\/news\/wp-json\/wp\/v2\/posts"}],"about":[{"href":"https:\/\/www.chiesedisicilia.org\/chiesedisicilia\/news\/wp-json\/wp\/v2\/types\/post"}],"author":[{"embeddable":true,"href":"https:\/\/www.chiesedisicilia.org\/chiesedisicilia\/news\/wp-json\/wp\/v2\/users\/1"}],"replies":[{"embeddable":true,"href":"https:\/\/www.chiesedisicilia.org\/chiesedisicilia\/news\/wp-json\/wp\/v2\/comments?post=3384"}],"version-history":[{"count":1,"href":"https:\/\/www.chiesedisicilia.org\/chiesedisicilia\/news\/wp-json\/wp\/v2\/posts\/3384\/revisions"}],"predecessor-version":[{"id":21860,"href":"https:\/\/www.chiesedisicilia.org\/chiesedisicilia\/news\/wp-json\/wp\/v2\/posts\/3384\/revisions\/21860"}],"wp:attachment":[{"href":"https:\/\/www.chiesedisicilia.org\/chiesedisicilia\/news\/wp-json\/wp\/v2\/media?parent=3384"}],"wp:term":[{"taxonomy":"category","embeddable":true,"href":"https:\/\/www.chiesedisicilia.org\/chiesedisicilia\/news\/wp-json\/wp\/v2\/categories?post=3384"},{"taxonomy":"post_tag","embeddable":true,"href":"https:\/\/www.chiesedisicilia.org\/chiesedisicilia\/news\/wp-json\/wp\/v2\/tags?post=3384"},{"taxonomy":"news-destination","embeddable":true,"href":"https:\/\/www.chiesedisicilia.org\/chiesedisicilia\/news\/wp-json\/wp\/v2\/news-destination?post=3384"},{"taxonomy":"news-source","embeddable":true,"href":"https:\/\/www.chiesedisicilia.org\/chiesedisicilia\/news\/wp-json\/wp\/v2\/news-source?post=3384"},{"taxonomy":"is_homepage","embeddable":true,"href":"https:\/\/www.chiesedisicilia.org\/chiesedisicilia\/news\/wp-json\/wp\/v2\/is_homepage?post=3384"},{"taxonomy":"ta_other","embeddable":true,"href":"https:\/\/www.chiesedisicilia.org\/chiesedisicilia\/news\/wp-json\/wp\/v2\/ta_other?post=3384"}],"curies":[{"name":"wp","href":"https:\/\/api.w.org\/{rel}","templated":true}]}}