{"id":3370,"date":"2013-03-14T15:54:00","date_gmt":"2013-03-14T14:54:00","guid":{"rendered":"http:\/\/wptestsite.tecnavia.com\/chiesedisicilia_clientsite\/news\/2013\/03\/14\/palermo-p-puglisi-veglia-di-preghiera-per-i-giovani-in-cattedrale\/"},"modified":"2018-11-12T07:58:14","modified_gmt":"2018-01-16T07:58:14","slug":"palermo-p-puglisi-veglia-di-preghiera-per-i-giovani-in-cattedrale","status":"publish","type":"post","link":"https:\/\/www.chiesedisicilia.org\/2013\/03\/14\/palermo-p-puglisi-veglia-di-preghiera-per-i-giovani-in-cattedrale\/","title":{"rendered":"PALERMO. P. PUGLISI. VEGLIA DI PREGHIERA PER I GIOVANI IN CATTEDRALE"},"content":{"rendered":"<div>\n<p class=\"MsoNormal\" style=\"margin: 0cm 0cm 0pt\"><span style=\"font-family: 'Times New Roman','serif'; font-size: 12pt\">Si svolger\u00e0 oggi, sabato 23 marzo, alle ore 21, in Cattedrale, una veglia di preghiera con i giovani, ma\u00a0aperta anche a chi giovane non \u00e8 pi\u00f9, in occasione della Giornata diocesana della Giovent\u00f9 e della Giornata per i Missionari martiri. L\u2019incontro \u00e8 organizzato dal Servizio di Pastorale giovanile e dall\u2019Ufficio di Pastorale missionaria. Il momento di preghiera si articoler\u00e0 intorno alla frase di don Pino Puglisi &#8220;E se ognuno fa qualcosa&#8221;. Si ricorder\u00e0 l&#8217;importanza dell&#8217;essere testimoni in e di Cristo con l&#8217;aiuto dell&#8217;esempio del sacerdote di Brancaccio, prossimo ormai alla Beatificazione. [01] <o:p><\/o:p><\/span><\/p>\n<\/div>\n","protected":false},"excerpt":{"rendered":"","protected":false},"author":1,"featured_media":0,"comment_status":"open","ping_status":"open","sticky":false,"template":"","format":"standard","meta":[],"categories":[30],"tags":[],"news-destination":[],"news-source":[],"is_homepage":[],"ta_other":[],"_links":{"self":[{"href":"https:\/\/www.chiesedisicilia.org\/chiesedisicilia\/news\/wp-json\/wp\/v2\/posts\/3370"}],"collection":[{"href":"https:\/\/www.chiesedisicilia.org\/chiesedisicilia\/news\/wp-json\/wp\/v2\/posts"}],"about":[{"href":"https:\/\/www.chiesedisicilia.org\/chiesedisicilia\/news\/wp-json\/wp\/v2\/types\/post"}],"author":[{"embeddable":true,"href":"https:\/\/www.chiesedisicilia.org\/chiesedisicilia\/news\/wp-json\/wp\/v2\/users\/1"}],"replies":[{"embeddable":true,"href":"https:\/\/www.chiesedisicilia.org\/chiesedisicilia\/news\/wp-json\/wp\/v2\/comments?post=3370"}],"version-history":[{"count":1,"href":"https:\/\/www.chiesedisicilia.org\/chiesedisicilia\/news\/wp-json\/wp\/v2\/posts\/3370\/revisions"}],"predecessor-version":[{"id":21846,"href":"https:\/\/www.chiesedisicilia.org\/chiesedisicilia\/news\/wp-json\/wp\/v2\/posts\/3370\/revisions\/21846"}],"wp:attachment":[{"href":"https:\/\/www.chiesedisicilia.org\/chiesedisicilia\/news\/wp-json\/wp\/v2\/media?parent=3370"}],"wp:term":[{"taxonomy":"category","embeddable":true,"href":"https:\/\/www.chiesedisicilia.org\/chiesedisicilia\/news\/wp-json\/wp\/v2\/categories?post=3370"},{"taxonomy":"post_tag","embeddable":true,"href":"https:\/\/www.chiesedisicilia.org\/chiesedisicilia\/news\/wp-json\/wp\/v2\/tags?post=3370"},{"taxonomy":"news-destination","embeddable":true,"href":"https:\/\/www.chiesedisicilia.org\/chiesedisicilia\/news\/wp-json\/wp\/v2\/news-destination?post=3370"},{"taxonomy":"news-source","embeddable":true,"href":"https:\/\/www.chiesedisicilia.org\/chiesedisicilia\/news\/wp-json\/wp\/v2\/news-source?post=3370"},{"taxonomy":"is_homepage","embeddable":true,"href":"https:\/\/www.chiesedisicilia.org\/chiesedisicilia\/news\/wp-json\/wp\/v2\/is_homepage?post=3370"},{"taxonomy":"ta_other","embeddable":true,"href":"https:\/\/www.chiesedisicilia.org\/chiesedisicilia\/news\/wp-json\/wp\/v2\/ta_other?post=3370"}],"curies":[{"name":"wp","href":"https:\/\/api.w.org\/{rel}","templated":true}]}}