{"id":3295,"date":"2012-09-18T12:19:00","date_gmt":"2012-09-18T10:19:00","guid":{"rendered":"http:\/\/wptestsite.tecnavia.com\/chiesedisicilia_clientsite\/news\/2012\/09\/18\/palermo-rassegna-del-canto-sacro-nella-liturgia\/"},"modified":"2018-11-12T07:58:12","modified_gmt":"2018-01-16T07:58:12","slug":"palermo-rassegna-del-canto-sacro-nella-liturgia","status":"publish","type":"post","link":"https:\/\/www.chiesedisicilia.org\/2012\/09\/18\/palermo-rassegna-del-canto-sacro-nella-liturgia\/","title":{"rendered":"PALERMO. RASSEGNA DEL CANTO SACRO NELLA LITURGIA"},"content":{"rendered":"<div>\n<p class=\"MsoNormal\" style=\"line-height: normal; margin: 0cm 0cm 0pt\"><span style=\"font-family: 'Times New Roman','serif'; font-size: 12pt\">Anche quest&#8217;anno avr\u00e0 luogo a Palermo, la Rassegna del canto sacro nella liturgia. La manifestazione si svolger\u00e0 domenica 18 novembre dalle 15 alle 19 presso la parrocchia &#8220;S. Cristina V.M.&#8221; di Borgo Nuovo. La Rassegna del Canto Sacro nella Liturgia, giunta alla sua 38a edizione, \u00e8 una manifestazione canoro &#8211; musicale a carattere religioso, ideata nel 1975 da P. Umberto G. Sciam\u00e8 e P. Gaspare Lo Nigro, entrambi cappuccini. Scopo della manifestazione \u00e8 la promozione del canto sacro nella Liturgia. La Rassegna coinvolge ogni anno circa 20 \u201cScholae cantorum\u201d provenienti dalla Diocesi e dalla Provincia, per un totale di oltre 1.000 persone. I cori eseguono canti a carattere sacro &#8211; liturgico con l\u2019accompagnamento dell\u2019organo e di altri strumenti musicali. La manifestazione non \u00e8 competitiva. Non viene stilata alcuna graduatoria, ma tutti i partecipanti vengono premiati con coppe, targhe, diplomi e medaglie. La manifestazione si svolge ogni anno presso una chiesa diversa, ma sempre nell\u2019ambito cittadino, in modo da coinvolgere pi\u00f9 comunit\u00e0 parrocchiali. Il programma della manifestazione prevede al mattino la Celebrazione Eucaristica comunitaria e nel pomeriggio la esecuzione dei canti. La partecipazione alla Rassegna \u00e8 a titolo gratuito. E\u2019 organizzata da volontari che offrono la propria opera per realizzare l\u2019evento. Questo vale sia per il Comitato organizzatore che si interessa della logistica sia per il Comitato tecnico composto da docenti di musica, musicisti, professori del conservatorio ed insegnanti di liturgia presso la Facolt\u00e0 Teologica. Il Comitato tecnico, al termine della manifestazione, esprime dei pareri tecnici per aiutare a crescere i cori e promuovere il canto sacro nelle liturgie parrocchiali.<br \/>Quanti desiderano partecipare (parrocchie, istituti, scuole) con cori di adulti e di voci bianche, provenienti dalla Diocesi o dalla Provincia, sono invitati a trasmettere la scheda di adesione entro il mese di ottobre. [01]<br style=\"mso-special-character: line-break\" \/><br style=\"mso-special-character: line-break\" \/><\/span><span style=\"font-family: 'Times New Roman','serif'; font-size: 12pt; mso-fareast-font-family: 'Times New Roman'\"><o:p><\/o:p><\/span><\/p>\n<\/div>\n","protected":false},"excerpt":{"rendered":"","protected":false},"author":1,"featured_media":0,"comment_status":"open","ping_status":"open","sticky":false,"template":"","format":"standard","meta":[],"categories":[30],"tags":[],"news-destination":[],"news-source":[],"is_homepage":[],"ta_other":[],"_links":{"self":[{"href":"https:\/\/www.chiesedisicilia.org\/chiesedisicilia\/news\/wp-json\/wp\/v2\/posts\/3295"}],"collection":[{"href":"https:\/\/www.chiesedisicilia.org\/chiesedisicilia\/news\/wp-json\/wp\/v2\/posts"}],"about":[{"href":"https:\/\/www.chiesedisicilia.org\/chiesedisicilia\/news\/wp-json\/wp\/v2\/types\/post"}],"author":[{"embeddable":true,"href":"https:\/\/www.chiesedisicilia.org\/chiesedisicilia\/news\/wp-json\/wp\/v2\/users\/1"}],"replies":[{"embeddable":true,"href":"https:\/\/www.chiesedisicilia.org\/chiesedisicilia\/news\/wp-json\/wp\/v2\/comments?post=3295"}],"version-history":[{"count":1,"href":"https:\/\/www.chiesedisicilia.org\/chiesedisicilia\/news\/wp-json\/wp\/v2\/posts\/3295\/revisions"}],"predecessor-version":[{"id":21771,"href":"https:\/\/www.chiesedisicilia.org\/chiesedisicilia\/news\/wp-json\/wp\/v2\/posts\/3295\/revisions\/21771"}],"wp:attachment":[{"href":"https:\/\/www.chiesedisicilia.org\/chiesedisicilia\/news\/wp-json\/wp\/v2\/media?parent=3295"}],"wp:term":[{"taxonomy":"category","embeddable":true,"href":"https:\/\/www.chiesedisicilia.org\/chiesedisicilia\/news\/wp-json\/wp\/v2\/categories?post=3295"},{"taxonomy":"post_tag","embeddable":true,"href":"https:\/\/www.chiesedisicilia.org\/chiesedisicilia\/news\/wp-json\/wp\/v2\/tags?post=3295"},{"taxonomy":"news-destination","embeddable":true,"href":"https:\/\/www.chiesedisicilia.org\/chiesedisicilia\/news\/wp-json\/wp\/v2\/news-destination?post=3295"},{"taxonomy":"news-source","embeddable":true,"href":"https:\/\/www.chiesedisicilia.org\/chiesedisicilia\/news\/wp-json\/wp\/v2\/news-source?post=3295"},{"taxonomy":"is_homepage","embeddable":true,"href":"https:\/\/www.chiesedisicilia.org\/chiesedisicilia\/news\/wp-json\/wp\/v2\/is_homepage?post=3295"},{"taxonomy":"ta_other","embeddable":true,"href":"https:\/\/www.chiesedisicilia.org\/chiesedisicilia\/news\/wp-json\/wp\/v2\/ta_other?post=3295"}],"curies":[{"name":"wp","href":"https:\/\/api.w.org\/{rel}","templated":true}]}}