{"id":3294,"date":"2012-09-18T12:05:00","date_gmt":"2012-09-18T10:05:00","guid":{"rendered":"http:\/\/wptestsite.tecnavia.com\/chiesedisicilia_clientsite\/news\/2012\/09\/18\/palermo-scuola-teologica-di-base-al-via-le-lezioni\/"},"modified":"2018-11-12T07:58:12","modified_gmt":"2018-01-16T07:58:12","slug":"palermo-scuola-teologica-di-base-al-via-le-lezioni","status":"publish","type":"post","link":"https:\/\/www.chiesedisicilia.org\/2012\/09\/18\/palermo-scuola-teologica-di-base-al-via-le-lezioni\/","title":{"rendered":"PALERMO. SCUOLA TEOLOGICA DI BASE: AL VIA LE LEZIONI"},"content":{"rendered":"<div><span style=\"line-height: 115%; font-family: 'Times New Roman','serif'; font-size: 12pt; mso-fareast-font-family: 'Times New Roman'; mso-fareast-theme-font: minor-fareast; mso-ansi-language: IT; mso-fareast-language: IT; mso-bidi-language: AR-SA\">Ripartono da oggi, luned\u00ec 17 settembre, le lezioni del nuovo anno scolastico 2012\/2013 della Scuola Teologica di base \u201cSan Luca Evangelista\u201d, diretta da don Salvo Priola. \u201cEsprimo il mio compiacimento per gli studenti che manterranno l&#8217;impegno assunto negli scorsi anni continuando a frequentare i Centri \u2013 dichiara don Salvo Priola \u2013 e nel contempo il benvenuto ai nuovi allievi perch\u00e9 possano iniziare questo percorso triennale che mira a dare loro gli elementi costitutivi strutturali essenziali che sono l\u2019architrave della Dottrina Cristiana Cattolica. Non sfugge a nessuno l\u2019urgenza e la necessit\u00e0 che oggi \u00e8 importante sapere rendere ragione della propria adesione a Cristo nella Chiesa Cattolica, una sfida culturale a cui ci richiama anche il Santo Padre Benedetto XVI. Tengo a puntualizzare \u2013 aggiunge il sacerdote &#8211; che questo servizio non mira alla formazione accademica, ma alla formazione di fede per la pastorale, la missione e l\u2019evangelizzazione. I fratelli che si iscrivono a questi corsi devono coltivare il desiderio di apprendere i contenuti delle fede e mettersi in gioco concretamente nella vita Ecclesiale\u201d. Quest\u2019anno saranno 80 i centri dislocati nei sei Vicariati di zona, dei quali 10 di approfondimento di questa che \u00e8 una delle iniziative pi\u00f9 riuscite organizzata dell\u2019Arcidiocesi di Palermo e che va avanti da oltre 30 anni. \u201cFaccio un appello a tutti gli allievi, ai docenti che insegnano e ancora di pi\u00f9 ai parroci che ospitano i Centri \u2013 aggiunge il direttore \u2013 ad agire sinergicamente, ognuno nel proprio ruolo e per le proprie competente perch\u00e9 i fedeli possono essere seguiti, formati e avviati ad una esperienza di fede responsabile e capace di interegire nel mondo di oggi con gli uomini e le donne di questa societ\u00e0 che attendono di vedere testimonianze credibili e ascoltare parole chiare e forti in ordine alla fede cristiana Cattolica\u201d.<br \/>Per chi volesse comunicare con l\u2019Ufficio in Curia il ricevimento di effettua il mercoled\u00ec e il venerd\u00ec mattino dalle 10.30 alle 12. Il Direttore pu\u00f2 essere contattato presso l\u2019Ufficio Pastorale. [01] <\/span><\/div>\n","protected":false},"excerpt":{"rendered":"","protected":false},"author":1,"featured_media":0,"comment_status":"open","ping_status":"open","sticky":false,"template":"","format":"standard","meta":[],"categories":[30],"tags":[],"news-destination":[],"news-source":[],"is_homepage":[],"ta_other":[],"_links":{"self":[{"href":"https:\/\/www.chiesedisicilia.org\/chiesedisicilia\/news\/wp-json\/wp\/v2\/posts\/3294"}],"collection":[{"href":"https:\/\/www.chiesedisicilia.org\/chiesedisicilia\/news\/wp-json\/wp\/v2\/posts"}],"about":[{"href":"https:\/\/www.chiesedisicilia.org\/chiesedisicilia\/news\/wp-json\/wp\/v2\/types\/post"}],"author":[{"embeddable":true,"href":"https:\/\/www.chiesedisicilia.org\/chiesedisicilia\/news\/wp-json\/wp\/v2\/users\/1"}],"replies":[{"embeddable":true,"href":"https:\/\/www.chiesedisicilia.org\/chiesedisicilia\/news\/wp-json\/wp\/v2\/comments?post=3294"}],"version-history":[{"count":1,"href":"https:\/\/www.chiesedisicilia.org\/chiesedisicilia\/news\/wp-json\/wp\/v2\/posts\/3294\/revisions"}],"predecessor-version":[{"id":21768,"href":"https:\/\/www.chiesedisicilia.org\/chiesedisicilia\/news\/wp-json\/wp\/v2\/posts\/3294\/revisions\/21768"}],"wp:attachment":[{"href":"https:\/\/www.chiesedisicilia.org\/chiesedisicilia\/news\/wp-json\/wp\/v2\/media?parent=3294"}],"wp:term":[{"taxonomy":"category","embeddable":true,"href":"https:\/\/www.chiesedisicilia.org\/chiesedisicilia\/news\/wp-json\/wp\/v2\/categories?post=3294"},{"taxonomy":"post_tag","embeddable":true,"href":"https:\/\/www.chiesedisicilia.org\/chiesedisicilia\/news\/wp-json\/wp\/v2\/tags?post=3294"},{"taxonomy":"news-destination","embeddable":true,"href":"https:\/\/www.chiesedisicilia.org\/chiesedisicilia\/news\/wp-json\/wp\/v2\/news-destination?post=3294"},{"taxonomy":"news-source","embeddable":true,"href":"https:\/\/www.chiesedisicilia.org\/chiesedisicilia\/news\/wp-json\/wp\/v2\/news-source?post=3294"},{"taxonomy":"is_homepage","embeddable":true,"href":"https:\/\/www.chiesedisicilia.org\/chiesedisicilia\/news\/wp-json\/wp\/v2\/is_homepage?post=3294"},{"taxonomy":"ta_other","embeddable":true,"href":"https:\/\/www.chiesedisicilia.org\/chiesedisicilia\/news\/wp-json\/wp\/v2\/ta_other?post=3294"}],"curies":[{"name":"wp","href":"https:\/\/api.w.org\/{rel}","templated":true}]}}