{"id":3279,"date":"2012-05-30T14:04:00","date_gmt":"2012-05-30T12:04:00","guid":{"rendered":"http:\/\/wptestsite.tecnavia.com\/chiesedisicilia_clientsite\/news\/2012\/05\/30\/palermo-incontro-delle-famiglie-incontro-a-bagheria\/"},"modified":"2018-11-12T07:58:12","modified_gmt":"2018-01-16T07:58:12","slug":"palermo-incontro-delle-famiglie-incontro-a-bagheria","status":"publish","type":"post","link":"https:\/\/www.chiesedisicilia.org\/2012\/05\/30\/palermo-incontro-delle-famiglie-incontro-a-bagheria\/","title":{"rendered":"PALERMO. INCONTRO DELLE FAMIGLIE: INCONTRO A BAGHERIA"},"content":{"rendered":"<div>\n<div>\u00a0<\/div>\n<div style=\"text-align: justify\">In occasione del VII Incontro mondiale delle Famiglie previsto a Milano da oggi, marted\u00ec 30 maggio a domenica 3 giugno 2012, sul tema: \u201cLa Famiglia: il Lavoro e la Festa\u201d, l\u2019Ufficio diocesano per la Pastorale familiare di Palermo, diretto da Lia e Giuseppe Re, don Giovanni Basile e don Fabrizio Fiorentino, invita le comunit\u00e0 parrocchiali ad unirsi in preghiera e in comunione con tutte le famiglie del mondo nella settimana dell\u2019incontro e in particolare in contemporaneit\u00e0 con la Santa Messa conclusiva. Per favorire questa comunione e per far s\u00ec che le famiglie cristiane e le comunit\u00e0 ecclesiali si sentano interpellate e coinvolte nell\u2019evento cos\u00ec importante per la Chiesa universale l\u2019Ufficio diocesano di pastorale familiare propone per oggi, alle 21, presso la chiesa parrocchiale Maria Santissima Immacolata (Anime Sante) di Bagheria, l\u2019incontro organizzato dalle comunit\u00e0 parrocchiali di Bagheria, in preparazione al VII Incontro Mondiale delle Famiglie di Milano. Prevista una riflessione comune sul tema: &#8220;La famiglia, il lavoro e la festa&#8221;. Il tema sar\u00e0 introdotto da Alfio Briguglia, direttore dell\u2019Ufficio pastorale Scuola e Universit\u00e0, con l\u2019intento di indicare come conciliare al meglio le esigenze della famiglia con quelle del lavoro e dei giorni di festa, in special modo della domenica, giorno del Signore e giorno dell\u2019uomo, giorno della famiglia e della comunit\u00e0. [01]<\/div>\n<div>\u00a0<\/div>\n<\/div>\n","protected":false},"excerpt":{"rendered":"","protected":false},"author":1,"featured_media":0,"comment_status":"open","ping_status":"open","sticky":false,"template":"","format":"standard","meta":[],"categories":[30],"tags":[],"news-destination":[],"news-source":[],"is_homepage":[],"ta_other":[],"_links":{"self":[{"href":"https:\/\/www.chiesedisicilia.org\/chiesedisicilia\/news\/wp-json\/wp\/v2\/posts\/3279"}],"collection":[{"href":"https:\/\/www.chiesedisicilia.org\/chiesedisicilia\/news\/wp-json\/wp\/v2\/posts"}],"about":[{"href":"https:\/\/www.chiesedisicilia.org\/chiesedisicilia\/news\/wp-json\/wp\/v2\/types\/post"}],"author":[{"embeddable":true,"href":"https:\/\/www.chiesedisicilia.org\/chiesedisicilia\/news\/wp-json\/wp\/v2\/users\/1"}],"replies":[{"embeddable":true,"href":"https:\/\/www.chiesedisicilia.org\/chiesedisicilia\/news\/wp-json\/wp\/v2\/comments?post=3279"}],"version-history":[{"count":1,"href":"https:\/\/www.chiesedisicilia.org\/chiesedisicilia\/news\/wp-json\/wp\/v2\/posts\/3279\/revisions"}],"predecessor-version":[{"id":21755,"href":"https:\/\/www.chiesedisicilia.org\/chiesedisicilia\/news\/wp-json\/wp\/v2\/posts\/3279\/revisions\/21755"}],"wp:attachment":[{"href":"https:\/\/www.chiesedisicilia.org\/chiesedisicilia\/news\/wp-json\/wp\/v2\/media?parent=3279"}],"wp:term":[{"taxonomy":"category","embeddable":true,"href":"https:\/\/www.chiesedisicilia.org\/chiesedisicilia\/news\/wp-json\/wp\/v2\/categories?post=3279"},{"taxonomy":"post_tag","embeddable":true,"href":"https:\/\/www.chiesedisicilia.org\/chiesedisicilia\/news\/wp-json\/wp\/v2\/tags?post=3279"},{"taxonomy":"news-destination","embeddable":true,"href":"https:\/\/www.chiesedisicilia.org\/chiesedisicilia\/news\/wp-json\/wp\/v2\/news-destination?post=3279"},{"taxonomy":"news-source","embeddable":true,"href":"https:\/\/www.chiesedisicilia.org\/chiesedisicilia\/news\/wp-json\/wp\/v2\/news-source?post=3279"},{"taxonomy":"is_homepage","embeddable":true,"href":"https:\/\/www.chiesedisicilia.org\/chiesedisicilia\/news\/wp-json\/wp\/v2\/is_homepage?post=3279"},{"taxonomy":"ta_other","embeddable":true,"href":"https:\/\/www.chiesedisicilia.org\/chiesedisicilia\/news\/wp-json\/wp\/v2\/ta_other?post=3279"}],"curies":[{"name":"wp","href":"https:\/\/api.w.org\/{rel}","templated":true}]}}