{"id":3277,"date":"2012-05-24T18:08:00","date_gmt":"2012-05-24T16:08:00","guid":{"rendered":"http:\/\/wptestsite.tecnavia.com\/chiesedisicilia_clientsite\/news\/2012\/05\/24\/palermo-migrantes-pellegrinaggio-alla-madonna-di-gibilmanna\/"},"modified":"2018-11-12T07:58:12","modified_gmt":"2018-01-16T07:58:12","slug":"palermo-migrantes-pellegrinaggio-alla-madonna-di-gibilmanna","status":"publish","type":"post","link":"https:\/\/www.chiesedisicilia.org\/2012\/05\/24\/palermo-migrantes-pellegrinaggio-alla-madonna-di-gibilmanna\/","title":{"rendered":"PALERMO. MIGRANTES: PELLEGRINAGGIO ALLA MADONNA DI GIBILMANNA"},"content":{"rendered":"<div>\n<div>\u00a0<\/div>\n<div>\u00a0<\/div>\n<div>Lo Spirito Santo continua a fare di tutti i popoli \u201cIl popolo di Dio\u201d. E&#8217; con questo spirito di docilit\u00e0 all&#8217;azione dello Spirito Santo che oggi, domenica 27 maggio, l\u2019Ufficio Pastorale Migrantes dell\u2019Arcidiocesi di Palermo ha organizzato l&#8217;annuale pellegrinaggio che quest&#8217;anno si far\u00e0 al Santuario mariano di Gibilmanna in prossimit\u00e0 di Cefal\u00f9. \u201cSaremo pi\u00f9 di 200 persone a vivere questa esperienza di fraternit\u00e0: Italiani, ghanesi, filippini, mauriziani, tamil e cingalesi, ivoriani, peruviani, colombiani ed ecuadoriani. Desideriamo metterci sotto la protezione di Maria \u2013 spiega padre Sergio Natoli, omi dell\u2019Ufficio Migrantes &#8211; ed affidare a Lei tutte le nostre famiglie, ovunque si trovino, perch\u00e9 lo Spirito d&#8217;Amore faccia di tutti &#8220;un cuor solo ed un&#8217;anima sola&#8221; e ci renda capaci di essere testimoni dell&#8217;Amore in questa nostra societ\u00e0 ed anche per farci crescere come &#8220;popolo di Dio&#8221; e con tutti i credenti renderci &#8220;sale della terra\u201d. [01]<\/div>\n<div>\u00a0<\/div>\n<\/div>\n","protected":false},"excerpt":{"rendered":"","protected":false},"author":1,"featured_media":0,"comment_status":"open","ping_status":"open","sticky":false,"template":"","format":"standard","meta":[],"categories":[30],"tags":[],"news-destination":[],"news-source":[],"is_homepage":[],"ta_other":[],"_links":{"self":[{"href":"https:\/\/www.chiesedisicilia.org\/chiesedisicilia\/news\/wp-json\/wp\/v2\/posts\/3277"}],"collection":[{"href":"https:\/\/www.chiesedisicilia.org\/chiesedisicilia\/news\/wp-json\/wp\/v2\/posts"}],"about":[{"href":"https:\/\/www.chiesedisicilia.org\/chiesedisicilia\/news\/wp-json\/wp\/v2\/types\/post"}],"author":[{"embeddable":true,"href":"https:\/\/www.chiesedisicilia.org\/chiesedisicilia\/news\/wp-json\/wp\/v2\/users\/1"}],"replies":[{"embeddable":true,"href":"https:\/\/www.chiesedisicilia.org\/chiesedisicilia\/news\/wp-json\/wp\/v2\/comments?post=3277"}],"version-history":[{"count":1,"href":"https:\/\/www.chiesedisicilia.org\/chiesedisicilia\/news\/wp-json\/wp\/v2\/posts\/3277\/revisions"}],"predecessor-version":[{"id":21753,"href":"https:\/\/www.chiesedisicilia.org\/chiesedisicilia\/news\/wp-json\/wp\/v2\/posts\/3277\/revisions\/21753"}],"wp:attachment":[{"href":"https:\/\/www.chiesedisicilia.org\/chiesedisicilia\/news\/wp-json\/wp\/v2\/media?parent=3277"}],"wp:term":[{"taxonomy":"category","embeddable":true,"href":"https:\/\/www.chiesedisicilia.org\/chiesedisicilia\/news\/wp-json\/wp\/v2\/categories?post=3277"},{"taxonomy":"post_tag","embeddable":true,"href":"https:\/\/www.chiesedisicilia.org\/chiesedisicilia\/news\/wp-json\/wp\/v2\/tags?post=3277"},{"taxonomy":"news-destination","embeddable":true,"href":"https:\/\/www.chiesedisicilia.org\/chiesedisicilia\/news\/wp-json\/wp\/v2\/news-destination?post=3277"},{"taxonomy":"news-source","embeddable":true,"href":"https:\/\/www.chiesedisicilia.org\/chiesedisicilia\/news\/wp-json\/wp\/v2\/news-source?post=3277"},{"taxonomy":"is_homepage","embeddable":true,"href":"https:\/\/www.chiesedisicilia.org\/chiesedisicilia\/news\/wp-json\/wp\/v2\/is_homepage?post=3277"},{"taxonomy":"ta_other","embeddable":true,"href":"https:\/\/www.chiesedisicilia.org\/chiesedisicilia\/news\/wp-json\/wp\/v2\/ta_other?post=3277"}],"curies":[{"name":"wp","href":"https:\/\/api.w.org\/{rel}","templated":true}]}}