{"id":3274,"date":"2012-05-24T17:59:00","date_gmt":"2012-05-24T15:59:00","guid":{"rendered":"http:\/\/wptestsite.tecnavia.com\/chiesedisicilia_clientsite\/news\/2012\/05\/24\/palermo-premio-webmaster-2012-vince-il-sito-della-caritas\/"},"modified":"2018-11-12T07:58:12","modified_gmt":"2018-01-16T07:58:12","slug":"palermo-premio-webmaster-2012-vince-il-sito-della-caritas","status":"publish","type":"post","link":"https:\/\/www.chiesedisicilia.org\/2012\/05\/24\/palermo-premio-webmaster-2012-vince-il-sito-della-caritas\/","title":{"rendered":"PALERMO. \u201cPREMIO WEBMASTER 2012\u201d: VINCE IL SITO DELLA CARITAS"},"content":{"rendered":"<div>\n<div>\u00a0<\/div>\n<div style=\"text-align: justify\">\u00c8 il sito della Caritas diocesana il cui restyling \u00e8 stato effettuato da Salvo Grasso, il vincitore del \u201cPremio webmaster\u201d dell\u2019Arcidiocesi di Palermo per l\u2019anno 2012. Rinnovato nella grafica, con una grande quantit\u00e0 di contenuti, possibilit\u00e0 di download di documenti e sussidi, nonch\u00e9 notizie non soltanto del settore, ma anche delle varie realt\u00e0 diocesane, regionali e nazionali, il sito ha guadato il primo posto tra quelli che hanno partecipato al cocnorso. Al 2\u00b0 posto il sito del Servizio di Pastorale Giovanile &#8211; Primo Annuncio, gestito da Sabrina Saverino che a pochi mesi dall\u2019attivazione ha gi\u00e0 avuto oltre 33.000 contatti e al 3\u00b0 quello della parrocchia Santa Teresa del Bambino Ges\u00f9 di Palermo, allestito da Salvatore Ciambra e ispirato da padre Enrico Lombardi, un ipovedente con la passione dell\u2019informatica che vuol dare la possibilit\u00e0 ai parrocchiani di attingere notizie utili sulle attivit\u00e0 della comunit\u00e0. Ai vincitori sono andati una fotocamera digitale, un telefono cellulare, un lettore Mp4 e a tutti i partecipanti un attestato di partecipazione. La cerimonia di premiazione si \u00e8 svolta nel salone dell\u2019emittente diocesana \u201cRadio Spazio Noi\u201d, messo a disposizione dal presidente dell\u2019associazione Giovanni Cascino. Il \u201cPremio webmaster\u201d giunto alla quinta edizione, inserito nell&#8217;ambito della Settimana della Comunicazione delle Paoline e riservato ai curatori di siti parrocchiali e di associazioni cattoliche del territorio, \u00e8 stato organizzato dall\u2019Ufficio Comunicazioni sociali, diretto dal diacono Pino Grasso, con la collaborazione dell\u2019Ufficio Servizi informatici dell&#8217;Arcidiocesi di Palermo di cui \u00e8 responsabile Vincenzo Grimaldini, della Radio diocesana \u201cRadio Spazio Noi\u201d, diretta da Giovanna Curiale, e dell\u2019Ufficio Comunicazione delle Paoline curato da suor Fernanda Di Monte. Quest\u2019ultima, nel corso della serata di premiazione, ha sviluppato il tema della 46\u00b0 giornata mondiale delle Comunicazioni sociali: \u201cSilenzio e Parola: cammino di evangelizzazione\u201d. Intanto l\u2019Ufficio Comunicazioni sociali, insieme alle Paoline, ha dato annuncio di una serie di corsi di formazione monografici per web writer, di alfabetizzazione informatica rivolti anche ai presbiteri e di educazione all\u2019uso corretto della rete Internet in programma per il prossimo anno pastorale 2012\/2013. [01]<\/div>\n<div>\u00a0<\/div>\n<div>\u00a0<\/div>\n<\/div>\n","protected":false},"excerpt":{"rendered":"","protected":false},"author":1,"featured_media":0,"comment_status":"open","ping_status":"open","sticky":false,"template":"","format":"standard","meta":[],"categories":[30],"tags":[],"news-destination":[],"news-source":[],"is_homepage":[],"ta_other":[],"_links":{"self":[{"href":"https:\/\/www.chiesedisicilia.org\/chiesedisicilia\/news\/wp-json\/wp\/v2\/posts\/3274"}],"collection":[{"href":"https:\/\/www.chiesedisicilia.org\/chiesedisicilia\/news\/wp-json\/wp\/v2\/posts"}],"about":[{"href":"https:\/\/www.chiesedisicilia.org\/chiesedisicilia\/news\/wp-json\/wp\/v2\/types\/post"}],"author":[{"embeddable":true,"href":"https:\/\/www.chiesedisicilia.org\/chiesedisicilia\/news\/wp-json\/wp\/v2\/users\/1"}],"replies":[{"embeddable":true,"href":"https:\/\/www.chiesedisicilia.org\/chiesedisicilia\/news\/wp-json\/wp\/v2\/comments?post=3274"}],"version-history":[{"count":1,"href":"https:\/\/www.chiesedisicilia.org\/chiesedisicilia\/news\/wp-json\/wp\/v2\/posts\/3274\/revisions"}],"predecessor-version":[{"id":21750,"href":"https:\/\/www.chiesedisicilia.org\/chiesedisicilia\/news\/wp-json\/wp\/v2\/posts\/3274\/revisions\/21750"}],"wp:attachment":[{"href":"https:\/\/www.chiesedisicilia.org\/chiesedisicilia\/news\/wp-json\/wp\/v2\/media?parent=3274"}],"wp:term":[{"taxonomy":"category","embeddable":true,"href":"https:\/\/www.chiesedisicilia.org\/chiesedisicilia\/news\/wp-json\/wp\/v2\/categories?post=3274"},{"taxonomy":"post_tag","embeddable":true,"href":"https:\/\/www.chiesedisicilia.org\/chiesedisicilia\/news\/wp-json\/wp\/v2\/tags?post=3274"},{"taxonomy":"news-destination","embeddable":true,"href":"https:\/\/www.chiesedisicilia.org\/chiesedisicilia\/news\/wp-json\/wp\/v2\/news-destination?post=3274"},{"taxonomy":"news-source","embeddable":true,"href":"https:\/\/www.chiesedisicilia.org\/chiesedisicilia\/news\/wp-json\/wp\/v2\/news-source?post=3274"},{"taxonomy":"is_homepage","embeddable":true,"href":"https:\/\/www.chiesedisicilia.org\/chiesedisicilia\/news\/wp-json\/wp\/v2\/is_homepage?post=3274"},{"taxonomy":"ta_other","embeddable":true,"href":"https:\/\/www.chiesedisicilia.org\/chiesedisicilia\/news\/wp-json\/wp\/v2\/ta_other?post=3274"}],"curies":[{"name":"wp","href":"https:\/\/api.w.org\/{rel}","templated":true}]}}