{"id":3215,"date":"2011-07-07T17:06:00","date_gmt":"2011-07-07T15:06:00","guid":{"rendered":"http:\/\/wptestsite.tecnavia.com\/chiesedisicilia_clientsite\/news\/2011\/07\/07\/palermo-ambienti-e-mostre-a-cantiere-aperto-del-museo-diocesano\/"},"modified":"2018-11-12T07:58:10","modified_gmt":"2018-01-16T07:58:10","slug":"palermo-ambienti-e-mostre-a-cantiere-aperto-del-museo-diocesano","status":"publish","type":"post","link":"https:\/\/www.chiesedisicilia.org\/2011\/07\/07\/palermo-ambienti-e-mostre-a-cantiere-aperto-del-museo-diocesano\/","title":{"rendered":"PALERMO. AMBIENTI E MOSTRE A CANTIERE APERTO DEL MUSEO DIOCESANO"},"content":{"rendered":"<div>\n<div>\u00a0<\/div>\n<div style=\"text-align: justify\">Oggi, mercoled\u00ec 13 luglio, alle 18, si inaugura nei locali del palazzo Arcivescovile in via Matteo Bonello, 2 a Palermo, \u201cAmbienti e mostre a cantiere aperto del Museo Diocesano di Palermo\u201d, esposizione e lavori di restauro. Illustreranno l\u2019esposizione e i lavori di restauro Maria Concetta Di Natale, curatrice scientifica del Museo, Matteo Scognamiglio, responsabile unico del procedimento, Lina Bellanca, direttore dei lavori di restauro, Pierfrancesco Palazzotto, vicedirettore del Museo.<\/div>\n<div style=\"text-align: justify\">\u201cSi tratta di una tappa intermedia verso l\u2019apertura definitiva di tutti gli ambienti del Museo diocesano \u2013 spiega il direttore del Museo diocesano mons. Giuseppe Randazzo \u2013 in questa circostanza si potr\u00e0 anche ammirare la cappella del Borremans\u201d. L\u2019iniziativa si svolge con il patrocinio dell\u2019Assessorato ai Beni Culturali e all\u2019Identit\u00e0 Siciliana, Dipartimento dei Beni culturali e dell\u2019Identit\u00e0 siciliana, Soprintendenza per i Beni culturali e ambientali di Palermo, Congregazione di Sant\u2019Eligio. \u201cL&#8217;apertura dei saloni restaurati \u2013 aggiunge Pierfrancesco Palazzotto \u2013 coincide con i festeggiamenti in onore di Santa Rosalia, cos\u00ec alla Patrona \u00e8 dedicata una sala che esporr\u00e0 le pitture del Museo diocesano che la raffigurano, tra cui la tavola pseudomedievale data al XIII secolo, la tela con Santa Rosalia in gloria di Vito D&#8217;Anna, il primo ritratto ufficiale dipinto per il Senato di Palermo da Vincenzo La Barbera (1624) e il ritratto del cardinale Giannettino Doria che contribu\u00ec alla sua elezione a Patrona di Palermo\u201d. All\u2019inaugurazione interverranno il card. Paolo Romeo, arcivescovo di Palermo, Sebastiano Missineo, assessore ai Beni culturali e all\u2019Identit\u00e0 siciliana di Palermo, Gesualdo Campo, dirigente generale del Dipartimento dei Beni culturali e dell\u2019Identit\u00e0 siciliana, Salvatore Bordonali, presidente della Congregazione di Sant\u2019Eligio, Gaetano Gullo, soprintendente per i Beni culturali e ambientali di Palermo e mons. Giuseppe Randazzo, direttore del Museo diocesano. L&#8217;esposizione rester\u00e0 aperta fino al 30 settembre prossimo e proposta nell&#8217;ambito del percorso del Museo diocesano, con i consueti orari: da marted\u00ec a venerd\u00ec, la domenica e i festivi dalle 9.30 alle 13.30 e il sabato dalle 10 alle 18, luned\u00ec chiuso. [01]<\/div>\n<div>\u00a0<\/div>\n<\/div>\n","protected":false},"excerpt":{"rendered":"","protected":false},"author":1,"featured_media":0,"comment_status":"open","ping_status":"open","sticky":false,"template":"","format":"standard","meta":[],"categories":[30],"tags":[],"news-destination":[],"news-source":[],"is_homepage":[],"ta_other":[],"_links":{"self":[{"href":"https:\/\/www.chiesedisicilia.org\/chiesedisicilia\/news\/wp-json\/wp\/v2\/posts\/3215"}],"collection":[{"href":"https:\/\/www.chiesedisicilia.org\/chiesedisicilia\/news\/wp-json\/wp\/v2\/posts"}],"about":[{"href":"https:\/\/www.chiesedisicilia.org\/chiesedisicilia\/news\/wp-json\/wp\/v2\/types\/post"}],"author":[{"embeddable":true,"href":"https:\/\/www.chiesedisicilia.org\/chiesedisicilia\/news\/wp-json\/wp\/v2\/users\/1"}],"replies":[{"embeddable":true,"href":"https:\/\/www.chiesedisicilia.org\/chiesedisicilia\/news\/wp-json\/wp\/v2\/comments?post=3215"}],"version-history":[{"count":1,"href":"https:\/\/www.chiesedisicilia.org\/chiesedisicilia\/news\/wp-json\/wp\/v2\/posts\/3215\/revisions"}],"predecessor-version":[{"id":21691,"href":"https:\/\/www.chiesedisicilia.org\/chiesedisicilia\/news\/wp-json\/wp\/v2\/posts\/3215\/revisions\/21691"}],"wp:attachment":[{"href":"https:\/\/www.chiesedisicilia.org\/chiesedisicilia\/news\/wp-json\/wp\/v2\/media?parent=3215"}],"wp:term":[{"taxonomy":"category","embeddable":true,"href":"https:\/\/www.chiesedisicilia.org\/chiesedisicilia\/news\/wp-json\/wp\/v2\/categories?post=3215"},{"taxonomy":"post_tag","embeddable":true,"href":"https:\/\/www.chiesedisicilia.org\/chiesedisicilia\/news\/wp-json\/wp\/v2\/tags?post=3215"},{"taxonomy":"news-destination","embeddable":true,"href":"https:\/\/www.chiesedisicilia.org\/chiesedisicilia\/news\/wp-json\/wp\/v2\/news-destination?post=3215"},{"taxonomy":"news-source","embeddable":true,"href":"https:\/\/www.chiesedisicilia.org\/chiesedisicilia\/news\/wp-json\/wp\/v2\/news-source?post=3215"},{"taxonomy":"is_homepage","embeddable":true,"href":"https:\/\/www.chiesedisicilia.org\/chiesedisicilia\/news\/wp-json\/wp\/v2\/is_homepage?post=3215"},{"taxonomy":"ta_other","embeddable":true,"href":"https:\/\/www.chiesedisicilia.org\/chiesedisicilia\/news\/wp-json\/wp\/v2\/ta_other?post=3215"}],"curies":[{"name":"wp","href":"https:\/\/api.w.org\/{rel}","templated":true}]}}