{"id":3204,"date":"2011-05-30T12:12:00","date_gmt":"2011-05-30T10:12:00","guid":{"rendered":"http:\/\/wptestsite.tecnavia.com\/chiesedisicilia_clientsite\/news\/2011\/05\/30\/palermo-giornata-diocesana-del-ministrante\/"},"modified":"2018-11-12T07:58:10","modified_gmt":"2018-01-16T07:58:10","slug":"palermo-giornata-diocesana-del-ministrante","status":"publish","type":"post","link":"https:\/\/www.chiesedisicilia.org\/2011\/05\/30\/palermo-giornata-diocesana-del-ministrante\/","title":{"rendered":"PALERMO. GIORNATA DIOCESANA DEL MINISTRANTE"},"content":{"rendered":"<div>Si svolger\u00e0 oggi, gioved\u00ec 2 giugno, la \u201cGiornata diocesana del ministrante\u201d, in programma al Centro giovanile salesiano \u201cVillaurea\u201d, in via Domenico Savio 4, all\u2019interno dell\u2019istituto \u201cGes\u00f9 Adolescente\u201d in via G. Evangelista Di Blasi 102\/A a Palermo. E\u2019 necessario portare l\u2019abito liturgico da indossare durante la liturgia eucaristica presieduta dal cardinale Paolo Romeo, mentre chi ha partecipato alle precedenti edizioni \u00e8 pregato di portare con s\u00e9 il foulard ed il cappellino del colore del proprio vicariato. Dopo il pranzo, intorno alle 14.30, avr\u00e0 luogo la \u201cFiera del dolce e del caff\u00e8\u201d, un momento di comunione e fratellanza al quale ogni parrocchia parteciper\u00e0 attivamente con una torta o altro. [01]<\/p>\n<div>\u00a0<\/div>\n<\/div>\n","protected":false},"excerpt":{"rendered":"","protected":false},"author":1,"featured_media":0,"comment_status":"open","ping_status":"open","sticky":false,"template":"","format":"standard","meta":[],"categories":[30],"tags":[],"news-destination":[],"news-source":[],"is_homepage":[],"ta_other":[],"_links":{"self":[{"href":"https:\/\/www.chiesedisicilia.org\/chiesedisicilia\/news\/wp-json\/wp\/v2\/posts\/3204"}],"collection":[{"href":"https:\/\/www.chiesedisicilia.org\/chiesedisicilia\/news\/wp-json\/wp\/v2\/posts"}],"about":[{"href":"https:\/\/www.chiesedisicilia.org\/chiesedisicilia\/news\/wp-json\/wp\/v2\/types\/post"}],"author":[{"embeddable":true,"href":"https:\/\/www.chiesedisicilia.org\/chiesedisicilia\/news\/wp-json\/wp\/v2\/users\/1"}],"replies":[{"embeddable":true,"href":"https:\/\/www.chiesedisicilia.org\/chiesedisicilia\/news\/wp-json\/wp\/v2\/comments?post=3204"}],"version-history":[{"count":1,"href":"https:\/\/www.chiesedisicilia.org\/chiesedisicilia\/news\/wp-json\/wp\/v2\/posts\/3204\/revisions"}],"predecessor-version":[{"id":21678,"href":"https:\/\/www.chiesedisicilia.org\/chiesedisicilia\/news\/wp-json\/wp\/v2\/posts\/3204\/revisions\/21678"}],"wp:attachment":[{"href":"https:\/\/www.chiesedisicilia.org\/chiesedisicilia\/news\/wp-json\/wp\/v2\/media?parent=3204"}],"wp:term":[{"taxonomy":"category","embeddable":true,"href":"https:\/\/www.chiesedisicilia.org\/chiesedisicilia\/news\/wp-json\/wp\/v2\/categories?post=3204"},{"taxonomy":"post_tag","embeddable":true,"href":"https:\/\/www.chiesedisicilia.org\/chiesedisicilia\/news\/wp-json\/wp\/v2\/tags?post=3204"},{"taxonomy":"news-destination","embeddable":true,"href":"https:\/\/www.chiesedisicilia.org\/chiesedisicilia\/news\/wp-json\/wp\/v2\/news-destination?post=3204"},{"taxonomy":"news-source","embeddable":true,"href":"https:\/\/www.chiesedisicilia.org\/chiesedisicilia\/news\/wp-json\/wp\/v2\/news-source?post=3204"},{"taxonomy":"is_homepage","embeddable":true,"href":"https:\/\/www.chiesedisicilia.org\/chiesedisicilia\/news\/wp-json\/wp\/v2\/is_homepage?post=3204"},{"taxonomy":"ta_other","embeddable":true,"href":"https:\/\/www.chiesedisicilia.org\/chiesedisicilia\/news\/wp-json\/wp\/v2\/ta_other?post=3204"}],"curies":[{"name":"wp","href":"https:\/\/api.w.org\/{rel}","templated":true}]}}