{"id":3199,"date":"2011-05-16T09:51:00","date_gmt":"2011-05-16T07:51:00","guid":{"rendered":"http:\/\/wptestsite.tecnavia.com\/chiesedisicilia_clientsite\/news\/2011\/05\/16\/palermo-premio-webmaster-ultimo-giorno-per-partecipare\/"},"modified":"2018-11-12T07:58:10","modified_gmt":"2018-01-16T07:58:10","slug":"palermo-premio-webmaster-ultimo-giorno-per-partecipare","status":"publish","type":"post","link":"https:\/\/www.chiesedisicilia.org\/2011\/05\/16\/palermo-premio-webmaster-ultimo-giorno-per-partecipare\/","title":{"rendered":"PALERMO. &#8220;PREMIO WEBMASTER&#8221;: ULTIMO GIORNO PER PARTECIPARE"},"content":{"rendered":"<div>Scade oggi, domenica 22 maggio, il termine massimo per partecipare al \u201c4\u00b0 Premio webmaster&#8221; riservato ai curatori di siti parrocchiali e di associazioni cattoliche del territorio. L\u2019iniziatova s\u2019inserisce tra quelle programmate nell&#8217;ambito della 45\u00b0 Giornata mondiale delle Comunicazioni Sociali dall&#8217;Ufficio comunicazioni sociali dell&#8217;Arcidiocesi di Palermo. Gli interessati dovranno inviare all\u2019indirizzo e-mail ufficiostampa@diocesipa.it il proprio link che sar\u00e0 sottoposto al giudizio della commissione. La cerimonia di premiazione avr\u00e0 luogo mercoled\u00ec 1 giugno alle 18 nel salone Lavitrano della Curia arcivescovile nel corso della conferenza sul tema della Giornata, che quest\u2019anno \u00e8 \u201cVerit\u00e0, annuncio e autenticit\u00e0 di vita nell\u2019era digitale\u201d. [01]<\/p>\n<div>\u00a0<\/div>\n<\/div>\n","protected":false},"excerpt":{"rendered":"","protected":false},"author":1,"featured_media":0,"comment_status":"open","ping_status":"open","sticky":false,"template":"","format":"standard","meta":[],"categories":[30],"tags":[],"news-destination":[],"news-source":[],"is_homepage":[],"ta_other":[],"_links":{"self":[{"href":"https:\/\/www.chiesedisicilia.org\/chiesedisicilia\/news\/wp-json\/wp\/v2\/posts\/3199"}],"collection":[{"href":"https:\/\/www.chiesedisicilia.org\/chiesedisicilia\/news\/wp-json\/wp\/v2\/posts"}],"about":[{"href":"https:\/\/www.chiesedisicilia.org\/chiesedisicilia\/news\/wp-json\/wp\/v2\/types\/post"}],"author":[{"embeddable":true,"href":"https:\/\/www.chiesedisicilia.org\/chiesedisicilia\/news\/wp-json\/wp\/v2\/users\/1"}],"replies":[{"embeddable":true,"href":"https:\/\/www.chiesedisicilia.org\/chiesedisicilia\/news\/wp-json\/wp\/v2\/comments?post=3199"}],"version-history":[{"count":1,"href":"https:\/\/www.chiesedisicilia.org\/chiesedisicilia\/news\/wp-json\/wp\/v2\/posts\/3199\/revisions"}],"predecessor-version":[{"id":21673,"href":"https:\/\/www.chiesedisicilia.org\/chiesedisicilia\/news\/wp-json\/wp\/v2\/posts\/3199\/revisions\/21673"}],"wp:attachment":[{"href":"https:\/\/www.chiesedisicilia.org\/chiesedisicilia\/news\/wp-json\/wp\/v2\/media?parent=3199"}],"wp:term":[{"taxonomy":"category","embeddable":true,"href":"https:\/\/www.chiesedisicilia.org\/chiesedisicilia\/news\/wp-json\/wp\/v2\/categories?post=3199"},{"taxonomy":"post_tag","embeddable":true,"href":"https:\/\/www.chiesedisicilia.org\/chiesedisicilia\/news\/wp-json\/wp\/v2\/tags?post=3199"},{"taxonomy":"news-destination","embeddable":true,"href":"https:\/\/www.chiesedisicilia.org\/chiesedisicilia\/news\/wp-json\/wp\/v2\/news-destination?post=3199"},{"taxonomy":"news-source","embeddable":true,"href":"https:\/\/www.chiesedisicilia.org\/chiesedisicilia\/news\/wp-json\/wp\/v2\/news-source?post=3199"},{"taxonomy":"is_homepage","embeddable":true,"href":"https:\/\/www.chiesedisicilia.org\/chiesedisicilia\/news\/wp-json\/wp\/v2\/is_homepage?post=3199"},{"taxonomy":"ta_other","embeddable":true,"href":"https:\/\/www.chiesedisicilia.org\/chiesedisicilia\/news\/wp-json\/wp\/v2\/ta_other?post=3199"}],"curies":[{"name":"wp","href":"https:\/\/api.w.org\/{rel}","templated":true}]}}