{"id":3184,"date":"2011-03-11T11:14:00","date_gmt":"2011-03-11T10:14:00","guid":{"rendered":"http:\/\/wptestsite.tecnavia.com\/chiesedisicilia_clientsite\/news\/2011\/03\/11\/palermo-a-bagheria-un-busto-del-card-pappalardo\/"},"modified":"2018-11-12T07:58:10","modified_gmt":"2018-01-16T07:58:10","slug":"palermo-a-bagheria-un-busto-del-card-pappalardo","status":"publish","type":"post","link":"https:\/\/www.chiesedisicilia.org\/2011\/03\/11\/palermo-a-bagheria-un-busto-del-card-pappalardo\/","title":{"rendered":"PALERMO. A BAGHERIA UN BUSTO DEL CARD. PAPPALARDO"},"content":{"rendered":"<div>Avr\u00e0 luogo oggi, sabato 12 marzo, a partire dalle 9.30, in piazza Santo Sepolcro a Bagheria, la cerimonia di inaugurazione del busto raffigurante il cardinale Salvatore Pappalardo. La cerimonia avverr\u00e0 alla presenza dell\u2019Arcivescovo di Palermo, il cardinale Paolo Romeo. Il sindaco Biagio Sciortino, alla presenza delle autorit\u00e0 civili, militari e religiose (tra cui don Piero Magro, gi\u00e0 segretario particolare del cardinale), e alle rappresentanze di tutte le scuole bagheresi, accoglier\u00e0 per l\u2019occasione il presule che benedir\u00e0 l\u2019opera realizzata dall\u2019artista Nino Parlagreco. L\u2019iniziativa di realizzare un busto raffigurante il cardinale Pappalardo \u00e8 stata dell\u2019associazione culturale per la difesa della storia e dei beni artistici e monumentali di Caccamo, fondata da Giorgio Castelli. Nel corso della cerimonia previsti gli interventi del sindaco, dell\u2019arciprete don Giovanni La Mendola, del critico d\u2019arte Piero Longo e dello storico della chiesa don Francesco Michele Stabile. L\u2019opera dell\u2019artista Parlagreco \u00e8 cesellata in plastilina, quindi ricalcata in gesso e fusa in bronzo tramite il procedimento cosiddetto a cera persa, che meglio si presta a ripetere i minuziosi tratti somatici intagliati e modellati dall\u2019artista. Ne risulta un prodotto imponente eppure snello nelle forme, caratterizzato dalla solennit\u00e0 della figura, senza rinunciare ad un atteggiamento pastorale che traspare dalle pieghe del volto e che ben si adatta al carattere del cardinale Pappalardo cos\u00ec come lo ricordano i fedeli e lo tramanda la storiografia pi\u00f9 recente. [01]<\/p>\n<div>\u00a0<\/div>\n<\/div>\n","protected":false},"excerpt":{"rendered":"","protected":false},"author":1,"featured_media":0,"comment_status":"open","ping_status":"open","sticky":false,"template":"","format":"standard","meta":[],"categories":[30],"tags":[],"news-destination":[],"news-source":[],"is_homepage":[],"ta_other":[],"_links":{"self":[{"href":"https:\/\/www.chiesedisicilia.org\/chiesedisicilia\/news\/wp-json\/wp\/v2\/posts\/3184"}],"collection":[{"href":"https:\/\/www.chiesedisicilia.org\/chiesedisicilia\/news\/wp-json\/wp\/v2\/posts"}],"about":[{"href":"https:\/\/www.chiesedisicilia.org\/chiesedisicilia\/news\/wp-json\/wp\/v2\/types\/post"}],"author":[{"embeddable":true,"href":"https:\/\/www.chiesedisicilia.org\/chiesedisicilia\/news\/wp-json\/wp\/v2\/users\/1"}],"replies":[{"embeddable":true,"href":"https:\/\/www.chiesedisicilia.org\/chiesedisicilia\/news\/wp-json\/wp\/v2\/comments?post=3184"}],"version-history":[{"count":1,"href":"https:\/\/www.chiesedisicilia.org\/chiesedisicilia\/news\/wp-json\/wp\/v2\/posts\/3184\/revisions"}],"predecessor-version":[{"id":21658,"href":"https:\/\/www.chiesedisicilia.org\/chiesedisicilia\/news\/wp-json\/wp\/v2\/posts\/3184\/revisions\/21658"}],"wp:attachment":[{"href":"https:\/\/www.chiesedisicilia.org\/chiesedisicilia\/news\/wp-json\/wp\/v2\/media?parent=3184"}],"wp:term":[{"taxonomy":"category","embeddable":true,"href":"https:\/\/www.chiesedisicilia.org\/chiesedisicilia\/news\/wp-json\/wp\/v2\/categories?post=3184"},{"taxonomy":"post_tag","embeddable":true,"href":"https:\/\/www.chiesedisicilia.org\/chiesedisicilia\/news\/wp-json\/wp\/v2\/tags?post=3184"},{"taxonomy":"news-destination","embeddable":true,"href":"https:\/\/www.chiesedisicilia.org\/chiesedisicilia\/news\/wp-json\/wp\/v2\/news-destination?post=3184"},{"taxonomy":"news-source","embeddable":true,"href":"https:\/\/www.chiesedisicilia.org\/chiesedisicilia\/news\/wp-json\/wp\/v2\/news-source?post=3184"},{"taxonomy":"is_homepage","embeddable":true,"href":"https:\/\/www.chiesedisicilia.org\/chiesedisicilia\/news\/wp-json\/wp\/v2\/is_homepage?post=3184"},{"taxonomy":"ta_other","embeddable":true,"href":"https:\/\/www.chiesedisicilia.org\/chiesedisicilia\/news\/wp-json\/wp\/v2\/ta_other?post=3184"}],"curies":[{"name":"wp","href":"https:\/\/api.w.org\/{rel}","templated":true}]}}