{"id":3161,"date":"2010-11-22T11:44:00","date_gmt":"2010-11-22T10:44:00","guid":{"rendered":"http:\/\/wptestsite.tecnavia.com\/chiesedisicilia_clientsite\/news\/2010\/11\/22\/palermo-romeo-cardinale-oggi-il-concistoro-ordinario-pubblico\/"},"modified":"2018-11-12T07:58:10","modified_gmt":"2018-01-16T07:58:10","slug":"palermo-romeo-cardinale-oggi-il-concistoro-ordinario-pubblico","status":"publish","type":"post","link":"https:\/\/www.chiesedisicilia.org\/2010\/11\/22\/palermo-romeo-cardinale-oggi-il-concistoro-ordinario-pubblico\/","title":{"rendered":"PALERMO. ROMEO CARDINALE: OGGI IL CONCISTORO ORDINARIO PUBBLICO"},"content":{"rendered":"<div>L\u2019Ufficio delle celebrazioni Liturgiche del Sommo Pontefice ha reso noto che oggi, sabato 20 novembre, alle 10.30, nella Basilica di San Pietro, il Santo Padre Benedetto XVI terr\u00e0 un Concistoro ordinario pubblico per la creazione di ventiquattro nuovi Cardinali. Domenica 21 novembre, Solennit\u00e0 di Nostro Signore Ges\u00f9 Cristo Re dell&#8217;Universo, alle ore 9.30 nella Basilica di San Pietro, il Papa presieder\u00e0 la concelebrazione della Santa Messa con i nuovi Cardinali ai quali consegner\u00e0 l\u2019Anello cardinalizio. E\u2019 stato inoltre reso noto il programma delle visite di cortesia ai nuovi Cardinali che avranno luogo sabato 20 novembre, dalle 16.30 alle 18.30. Il cardinale Paolo Romeo sar\u00e0 in Aula Paolo VI insieme ai Cardinali Domenico Bartolucci, Elio Sgreccia, Donald William Wuerl, Reinhard Marx, Medrado Joseph Mazombwe e Albert Malcom Ranjith Patabendige. La scorsa settimana il cardinale Romeo ha partecipato, insieme con gli altri componenti del Sacro collegio, ad una giornata di studio con il Santo Padre, dedicata alla libert\u00e0 religiosa nel mondo e alla liturgia nella vita di oggi. In occasione del Concistoro, per saperne di pi\u00f9 e approfondire l&#8217;argomento, l\u2019emittente diocesana Radio Spazio Noi inBlu propone una serie di incontri radiofonici in collaborazione con suor Fernanda Di Monte, giornalista delle Paoline. Domani, domenica 21 novembre alle 9.20, la Radio si collegher\u00e0 con la radio Vaticana per la ritrasmissione, dalla Basilica di San Pietro della Santa Messa con i nuovi Cardinali presieduta dal Santo Padre Benedetto XVI con la consegna dell&#8217;Anello cardinalizio. Infine, mercoled\u00ec 24, alle 18, la radio trasmetter\u00e0 in diretta dalla Cattedrale di Palermo la celebrazione Eucaristica presieduta dal neo Cardinale di ritorno dal Vaticano. [01]<\/p>\n<div>\u00a0<\/div>\n<\/div>\n","protected":false},"excerpt":{"rendered":"","protected":false},"author":1,"featured_media":0,"comment_status":"open","ping_status":"open","sticky":false,"template":"","format":"standard","meta":[],"categories":[30],"tags":[],"news-destination":[],"news-source":[],"is_homepage":[],"ta_other":[],"_links":{"self":[{"href":"https:\/\/www.chiesedisicilia.org\/chiesedisicilia\/news\/wp-json\/wp\/v2\/posts\/3161"}],"collection":[{"href":"https:\/\/www.chiesedisicilia.org\/chiesedisicilia\/news\/wp-json\/wp\/v2\/posts"}],"about":[{"href":"https:\/\/www.chiesedisicilia.org\/chiesedisicilia\/news\/wp-json\/wp\/v2\/types\/post"}],"author":[{"embeddable":true,"href":"https:\/\/www.chiesedisicilia.org\/chiesedisicilia\/news\/wp-json\/wp\/v2\/users\/1"}],"replies":[{"embeddable":true,"href":"https:\/\/www.chiesedisicilia.org\/chiesedisicilia\/news\/wp-json\/wp\/v2\/comments?post=3161"}],"version-history":[{"count":1,"href":"https:\/\/www.chiesedisicilia.org\/chiesedisicilia\/news\/wp-json\/wp\/v2\/posts\/3161\/revisions"}],"predecessor-version":[{"id":21637,"href":"https:\/\/www.chiesedisicilia.org\/chiesedisicilia\/news\/wp-json\/wp\/v2\/posts\/3161\/revisions\/21637"}],"wp:attachment":[{"href":"https:\/\/www.chiesedisicilia.org\/chiesedisicilia\/news\/wp-json\/wp\/v2\/media?parent=3161"}],"wp:term":[{"taxonomy":"category","embeddable":true,"href":"https:\/\/www.chiesedisicilia.org\/chiesedisicilia\/news\/wp-json\/wp\/v2\/categories?post=3161"},{"taxonomy":"post_tag","embeddable":true,"href":"https:\/\/www.chiesedisicilia.org\/chiesedisicilia\/news\/wp-json\/wp\/v2\/tags?post=3161"},{"taxonomy":"news-destination","embeddable":true,"href":"https:\/\/www.chiesedisicilia.org\/chiesedisicilia\/news\/wp-json\/wp\/v2\/news-destination?post=3161"},{"taxonomy":"news-source","embeddable":true,"href":"https:\/\/www.chiesedisicilia.org\/chiesedisicilia\/news\/wp-json\/wp\/v2\/news-source?post=3161"},{"taxonomy":"is_homepage","embeddable":true,"href":"https:\/\/www.chiesedisicilia.org\/chiesedisicilia\/news\/wp-json\/wp\/v2\/is_homepage?post=3161"},{"taxonomy":"ta_other","embeddable":true,"href":"https:\/\/www.chiesedisicilia.org\/chiesedisicilia\/news\/wp-json\/wp\/v2\/ta_other?post=3161"}],"curies":[{"name":"wp","href":"https:\/\/api.w.org\/{rel}","templated":true}]}}