{"id":3159,"date":"2010-11-12T10:29:00","date_gmt":"2010-11-12T09:29:00","guid":{"rendered":"http:\/\/wptestsite.tecnavia.com\/chiesedisicilia_clientsite\/news\/2010\/11\/12\/palermo-arrupe-studio-e-riflessione-operativa-sul-welfar\/"},"modified":"2018-11-12T07:58:10","modified_gmt":"2018-01-16T07:58:10","slug":"palermo-arrupe-studio-e-riflessione-operativa-sul-welfar","status":"publish","type":"post","link":"https:\/\/www.chiesedisicilia.org\/2010\/11\/12\/palermo-arrupe-studio-e-riflessione-operativa-sul-welfar\/","title":{"rendered":"PALERMO. ARRUPE: STUDIO E RIFLESSIONE OPERATIVA SUL WELFAR"},"content":{"rendered":"<div>All\u2019Istituto Arrupe di Palermo riprende l\u2019itinerario di studio e di riflessione operativa sul welfare con la terza tappa del 2010, costituita dal modulo \u201cProgrammazione Comunitaria e Politiche di Inclusione Sociale\u201d che si terr\u00e0 all\u2019Istituto Arrupe oggi, 15 novembre, alle 9. L\u2019iniziativa si rivolge a operatori pubblici e del Terzo settore, volontari e ricercatori sociali ed \u00e8 promossa da Istituto Arrupe, Caritas diocesana di Palermo, CeSVoP, MoVI Regionale, Inventare Insieme-CNCA, Arciragazzi e JSN (Jesuit Social Network), con il patrocinio dell\u2019Assessorato Regionale della Famiglia, delle Politiche Sociali e del Lavoro della Regione Siciliana. Il modulo \u00e8 strutturato in 2 momenti. Il primo, che si svolger\u00e0 nella mattinata di luned\u00ec 15 novembre, \u00e8 il seminario dal titolo \u201cPolitiche comunitarie a servizio della programmazione sociale, delle strategie di inclusione sociale e di lotta alla povert\u00e0\u201d. Il secondo, nel pomeriggio dello stesso giorno, \u00e8 il laboratorio di pratiche animato da enti esperti (associazioni, cooperative, imprese sociali, universit\u00e0 e servizi pubblici) che hanno maturato buone prassi di intervento. Le aree tematiche e i relativi gruppi sono sei: \u201cFormazione e progettazione comunitaria, \u201cRicerca sociale per lo sviluppo del territorio\u201d, \u201cPeriferie urbane\u201d, \u201cImpresa e politiche di integrazione tra sociale ed economia\u201d, \u201cInserimento socio-lavorativo di soggetti in situazione di svantaggio sociale\u201d, \u201cIstruzione e educazione\u201d. Gli incontri si terranno presso l\u2019Istituto di Formazione Politica \u201cPedro Arrupe\u201d, via Franz Lehar, 6 a Palermo.La partecipazione \u00e8 gratuita, previa iscrizione. La scheda di iscrizione va inviata entro sabato 13 novembre all\u2019Istituto Arrupe per email a eventi@istitutoarrupe.it o per fax al 091\/7303741. [01]<\/p>\n<div>\u00a0<\/div>\n<\/div>\n","protected":false},"excerpt":{"rendered":"","protected":false},"author":1,"featured_media":0,"comment_status":"open","ping_status":"open","sticky":false,"template":"","format":"standard","meta":[],"categories":[30],"tags":[],"news-destination":[],"news-source":[],"is_homepage":[],"ta_other":[],"_links":{"self":[{"href":"https:\/\/www.chiesedisicilia.org\/chiesedisicilia\/news\/wp-json\/wp\/v2\/posts\/3159"}],"collection":[{"href":"https:\/\/www.chiesedisicilia.org\/chiesedisicilia\/news\/wp-json\/wp\/v2\/posts"}],"about":[{"href":"https:\/\/www.chiesedisicilia.org\/chiesedisicilia\/news\/wp-json\/wp\/v2\/types\/post"}],"author":[{"embeddable":true,"href":"https:\/\/www.chiesedisicilia.org\/chiesedisicilia\/news\/wp-json\/wp\/v2\/users\/1"}],"replies":[{"embeddable":true,"href":"https:\/\/www.chiesedisicilia.org\/chiesedisicilia\/news\/wp-json\/wp\/v2\/comments?post=3159"}],"version-history":[{"count":1,"href":"https:\/\/www.chiesedisicilia.org\/chiesedisicilia\/news\/wp-json\/wp\/v2\/posts\/3159\/revisions"}],"predecessor-version":[{"id":21635,"href":"https:\/\/www.chiesedisicilia.org\/chiesedisicilia\/news\/wp-json\/wp\/v2\/posts\/3159\/revisions\/21635"}],"wp:attachment":[{"href":"https:\/\/www.chiesedisicilia.org\/chiesedisicilia\/news\/wp-json\/wp\/v2\/media?parent=3159"}],"wp:term":[{"taxonomy":"category","embeddable":true,"href":"https:\/\/www.chiesedisicilia.org\/chiesedisicilia\/news\/wp-json\/wp\/v2\/categories?post=3159"},{"taxonomy":"post_tag","embeddable":true,"href":"https:\/\/www.chiesedisicilia.org\/chiesedisicilia\/news\/wp-json\/wp\/v2\/tags?post=3159"},{"taxonomy":"news-destination","embeddable":true,"href":"https:\/\/www.chiesedisicilia.org\/chiesedisicilia\/news\/wp-json\/wp\/v2\/news-destination?post=3159"},{"taxonomy":"news-source","embeddable":true,"href":"https:\/\/www.chiesedisicilia.org\/chiesedisicilia\/news\/wp-json\/wp\/v2\/news-source?post=3159"},{"taxonomy":"is_homepage","embeddable":true,"href":"https:\/\/www.chiesedisicilia.org\/chiesedisicilia\/news\/wp-json\/wp\/v2\/is_homepage?post=3159"},{"taxonomy":"ta_other","embeddable":true,"href":"https:\/\/www.chiesedisicilia.org\/chiesedisicilia\/news\/wp-json\/wp\/v2\/ta_other?post=3159"}],"curies":[{"name":"wp","href":"https:\/\/api.w.org\/{rel}","templated":true}]}}