{"id":3127,"date":"2018-02-21T09:55:00","date_gmt":"2018-02-21T08:55:00","guid":{"rendered":"http:\/\/wptestsite.tecnavia.com\/chiesedisicilia_clientsite\/news\/2018\/02\/21\/noto-quaresima-palestra-del-cuore-dove-fare-esercizi-di-cristianesimo\/"},"modified":"2018-11-12T07:58:09","modified_gmt":"2018-01-16T07:58:09","slug":"noto-quaresima-palestra-del-cuore-dove-fare-esercizi-di-cristianesimo","status":"publish","type":"post","link":"https:\/\/www.chiesedisicilia.org\/2018\/02\/21\/noto-quaresima-palestra-del-cuore-dove-fare-esercizi-di-cristianesimo\/","title":{"rendered":"NOTO. QUARESIMA: &#8220;PALESTRA DEL CUORE DOVE FARE ESERCIZI DI CRISTIANESIMO&#8221;"},"content":{"rendered":"<div><span style=\"font-size: medium;\"><span style=\"font-family: \"Times New Roman\";\">Il messaggio per la Quaresima di mons. Antonio Staglian\u00f2, vescovo di Noto, \u00e8 un accompagnamento verso la Pentecoste. Anticipa il tema di quella che sar\u00e0 la sua seconda Lettera pastorale: &#8220;la Verit\u00e0-in-persona che \u00e8 Ges\u00f9, il Maestro di Nazaret, nostro modello di umanit\u00e0 bella e buona, nella quale riconosciamo di poter essere salvati da ogni barbarie umana&#8221;. &#8220;La Quaresima \u00e8 &#8216;tempo propizio&#8217; di conversione. E\u2019 come una palestra nella quale si va per praticare degli esercizi capaci di allenare i nostri muscoli, allo scopo di fare sforzi non ordinari, recuperando snellezza, velocit\u00e0. Si tratta, qui, &#8211; scrive il presule &#8211; della palestra del cuore: \u00e8 quel muscolo fondamentale che rende gustosa la nostra esistenza, perch\u00e9 la riempie di senso, attraverso la pratica dell\u2019amore&#8221;. Per mons. Staglian\u00f2, &#8220;amore&#8221; come lo vuole Ges\u00f9, con il suo \u201camatevi gli uni gli altri come io ho amato voi\u201d \u00e8 &#8220;amore \u00e8 concreto, incarnato, operoso nella carit\u00e0&#8221;.<\/span><\/span><\/div>\n<div><span style=\"font-size: medium;\"><span style=\"font-family: \"Times New Roman\";\">Il vescovo di Noto ribadisce l&#8217;esigenza di praticare &#8220;esercizi di cristianesimo&#8221; per ottenere &#8220;un cuore di carne&#8221;. &#8220;Dopo tanti anni lo abbiamo capito per via di esperienza. La Quaresima &#8211; scrive &#8211; pu\u00f2 passare \u201csenza che accada nulla di concreto, quanto alla mia conversione\u201d. Da settimana in settimana, da domenica in domenica, anche la partecipazione ai riti e alle preghiere non mi trasforma, come se la grazia di Dio non fosse efficace&#8221;. E aggiunge: &#8220;Se il nostro cuore \u00e8 imbrigliato da risentimenti, da rancori, da invidie e gelosie, da sospetti e permalosit\u00e0, da desideri di vendetta e progetti d\u2019intrighi, dovremo, in questo cammino verso la Pentecoste togliere fuori il nostro \u201cio\u201d da questo imbroglio. Dovremo attraversare la \u201ccruna&#8230; dell\u2019ego\u201d, e trasformare anche le ferite in feritoie: aprire fessure, allargare gli orizzonti, avere occhi nuovi sul dolore e le sofferenze di tanti fratelli, quelli vicini e quelli lontani. Soprattutto penso a quelli che da lontano si avvicinano, attraversando deserti e rischiando la vita sul mare per giungere da noi, sulle nostre coste, nella speranza di uno sguardo amico, di un abbraccio accogliente&#8221;.<\/span><\/span><\/div>\n<div><span style=\"font-size: medium;\"><span style=\"font-family: \"Times New Roman\";\">Facendo riferimento alla visita pastorale, il vescovo sottolinea: &#8220;Ho riscontrato una bella presenza di catechisti e di animatori liturgici, un fiorire di opere caritative e d\u2019intelligente azione pedagogica della nostra Caritas, una cura viva della pastorale familiare e giovanile, uno sforzo di comunicazione che si condensa nel nostro periodico \u201cLa Vita diocesana\u201d e nel sito; l\u2019attivarsi della pastorale familiare e di tutti gli altri ambiti (pastorale sociale, ecumenismo, migranti) nella misura delle possibilit\u00e0, ma anche con tanto impegno e servizi trasversali (penso a Policoro); presenze che sono un dono grande del Signore (la comunit\u00e0 missionaria intercongregazionale). Si aggiunge il mio sforzo di comunicare attraverso la pop-Theology con la sensibilit\u00e0 contemporanea e dei giovani in particolare. Tutto questo va rilanciato, ma, soprattutto, reso vero dalla comunione, da una comunione affettiva ed effettiva. Al tempo stesso, la comunione viene aiutata dalla missione: quanto pi\u00f9 condividiamo gioie e dolori della gente, tanto pi\u00f9 avvertiamo che dobbiamo rafforzare quella comunione che ci permette di meglio corrispondere alle attese e donare il Vangelo nella sua forza&#8221;. Un cammino lungo il quale i cristiani non sono soli. &#8220;Abbiamo guide sicure in questo cammino. Sono i nostri santi&#8221;. Cita San Nicola, cui \u00e8 dedicata la Cattedrale di Noto, San Corrado Confalonieri e Maria di Nazareth, che a Noto \u00e8 venerata con il titolo di Scala al paradiso. &#8220;L\u00e0, in paradiso, speriamo di ritrovarci tutti: dove la bellezza del cristianesimo splender\u00e0 nell\u2019essere riconosciuti dal Padre, figli nel Figlio suo, perch\u00e9, guardandoci in faccia, \u201csorrider\u00e0\u201d dalla gioia di costatare che i cristiani assomigliano in tutto a Ges\u00f9&#8221;. [01]<\/span><\/span><span style=\"font-size:12.0pt;font-family:\"Times New Roman\",\"serif\"\"><o:p><\/o:p><\/span><\/div>\n","protected":false},"excerpt":{"rendered":"","protected":false},"author":1,"featured_media":0,"comment_status":"open","ping_status":"open","sticky":false,"template":"","format":"standard","meta":[],"categories":[30],"tags":[],"news-destination":[],"news-source":[],"is_homepage":[],"ta_other":[],"_links":{"self":[{"href":"https:\/\/www.chiesedisicilia.org\/chiesedisicilia\/news\/wp-json\/wp\/v2\/posts\/3127"}],"collection":[{"href":"https:\/\/www.chiesedisicilia.org\/chiesedisicilia\/news\/wp-json\/wp\/v2\/posts"}],"about":[{"href":"https:\/\/www.chiesedisicilia.org\/chiesedisicilia\/news\/wp-json\/wp\/v2\/types\/post"}],"author":[{"embeddable":true,"href":"https:\/\/www.chiesedisicilia.org\/chiesedisicilia\/news\/wp-json\/wp\/v2\/users\/1"}],"replies":[{"embeddable":true,"href":"https:\/\/www.chiesedisicilia.org\/chiesedisicilia\/news\/wp-json\/wp\/v2\/comments?post=3127"}],"version-history":[{"count":1,"href":"https:\/\/www.chiesedisicilia.org\/chiesedisicilia\/news\/wp-json\/wp\/v2\/posts\/3127\/revisions"}],"predecessor-version":[{"id":21602,"href":"https:\/\/www.chiesedisicilia.org\/chiesedisicilia\/news\/wp-json\/wp\/v2\/posts\/3127\/revisions\/21602"}],"wp:attachment":[{"href":"https:\/\/www.chiesedisicilia.org\/chiesedisicilia\/news\/wp-json\/wp\/v2\/media?parent=3127"}],"wp:term":[{"taxonomy":"category","embeddable":true,"href":"https:\/\/www.chiesedisicilia.org\/chiesedisicilia\/news\/wp-json\/wp\/v2\/categories?post=3127"},{"taxonomy":"post_tag","embeddable":true,"href":"https:\/\/www.chiesedisicilia.org\/chiesedisicilia\/news\/wp-json\/wp\/v2\/tags?post=3127"},{"taxonomy":"news-destination","embeddable":true,"href":"https:\/\/www.chiesedisicilia.org\/chiesedisicilia\/news\/wp-json\/wp\/v2\/news-destination?post=3127"},{"taxonomy":"news-source","embeddable":true,"href":"https:\/\/www.chiesedisicilia.org\/chiesedisicilia\/news\/wp-json\/wp\/v2\/news-source?post=3127"},{"taxonomy":"is_homepage","embeddable":true,"href":"https:\/\/www.chiesedisicilia.org\/chiesedisicilia\/news\/wp-json\/wp\/v2\/is_homepage?post=3127"},{"taxonomy":"ta_other","embeddable":true,"href":"https:\/\/www.chiesedisicilia.org\/chiesedisicilia\/news\/wp-json\/wp\/v2\/ta_other?post=3127"}],"curies":[{"name":"wp","href":"https:\/\/api.w.org\/{rel}","templated":true}]}}